{"id":29359,"date":"2020-03-19T16:03:46","date_gmt":"2020-03-19T23:03:46","guid":{"rendered":"https:\/\/portaltactica.com\/?p=29359"},"modified":"2020-03-19T16:03:52","modified_gmt":"2020-03-19T23:03:52","slug":"aclara-oap-informacion-divulgada-en-torno-a-posible-cierre-de-playas","status":"publish","type":"post","link":"https:\/\/portaltactica.com\/?p=29359","title":{"rendered":"Aclara OAP informaci\u00f3n divulgada en torno a posible cierre de playas"},"content":{"rendered":"\n<p class=\"has-medium-font-size\"><strong>El director general de la Operadora de Playas, Jorge Contreras, se refiri\u00f3 a la claridad de la noticia del posible cierre de playas tras una entrevista que otorg\u00f3.<\/strong><\/p>\n\n\n\n<p class=\"has-text-color has-background has-small-font-size has-very-light-gray-color has-luminous-vivid-orange-background-color\"><strong>Por: Fabiola Rodr\u00edguez<\/strong><\/p>\n\n\n\n<p>El director general de la Operadora y Administradora de Playas, Jorge Contreras N\u00fa\u00f1ez, explic\u00f3 en rueda de prensa sobre la poca claridad que se present\u00f3 el d\u00eda de ayer con la nota donde inform\u00f3 que las playas de Mazatl\u00e1n podr\u00edan analizarse para quedar cerradas al p\u00fablico en general, luego de las medidas preventivas que se est\u00e1n implementando por el tema del Coronavirus.<\/p>\n\n\n\n<p>A todo esto, el funcionario aclar\u00f3 que no est\u00e1 en sus facultades declarar sobre el tema del Covid-19, porque no es parte de su responsabilidad desarrollar el tema, sin embargo, precis\u00f3 que es el alcalde quien preside el Comit\u00e9 Municipal de Salud sea el vocero de transmitir la informaci\u00f3n en relaci\u00f3n al Coronavirus.<\/p>\n\n\n\n<p>Contreras N\u00fa\u00f1ez ofreci\u00f3 una disculpa p\u00fablica al alcalde Luis\nGuillermo Ben\u00edtez Torres por abordar temas que no le competen.<\/p>\n\n\n\n<p>Se\u00f1al\u00f3 que su facultad corresponde \u00fanicamente a temas del\nreordenamiento de las playas y la administraci\u00f3n de infraestructura de las\nmismas.<\/p>\n\n\n\n<p>El director de la Operadora de Playas respondi\u00f3 sobre si hubo\nun jal\u00f3n de orejas por parte del presidente municipal, de limit\u00f3 a responder que\ntiene un l\u00edder, que es el alcalde Luis Guillermo Ben\u00edtez Torres y acatan los\nlineamientos de su l\u00edder y si en alg\u00fan momento se omite o se falla, se tiene la\nmadurez para aceptar, corregir y resolver en base a lo que indique el alcalde\nmunicipal. &nbsp;<\/p>\n<div class='share-to-whatsapp-wrapper'><div class='share-on-whsp'>Share on: <\/div><a data-text='Aclara OAP informaci\u00f3n divulgada en torno a posible cierre de playas' data-link='https:\/\/portaltactica.com\/?p=29359' class='whatsapp-button whatsapp-share'>WhatsApp<\/a><div class='clear '><\/div><\/div>","protected":false},"excerpt":{"rendered":"<p>El director general de la Operadora de Playas, Jorge Contreras, se refiri\u00f3 a la claridad de la noticia del posible cierre&hellip;<\/p>\n","protected":false},"author":1,"featured_media":29360,"comment_status":"open","ping_status":"open","sticky":false,"template":"","format":"standard","meta":{"advanced_seo_description":"","jetpack_seo_html_title":"","jetpack_seo_noindex":false,"_jetpack_memberships_contains_paid_content":false,"footnotes":"","jetpack_publicize_message":"","jetpack_publicize_feature_enabled":true,"jetpack_social_post_already_shared":true,"jetpack_social_options":{"image_generator_settings":{"template":"highway","default_image_id":0,"font":"","enabled":false},"version":2}},"categories":[3173],"tags":[1269,3228],"class_list":["post-29359","post","type-post","status-publish","format-standard","has-post-thumbnail","hentry","category-ayuntamiento","tag-ayuntamiento-de-mazatlan","tag-operadora-de-playas"],"jetpack_publicize_connections":[],"jetpack_featured_media_url":"https:\/\/portaltactica.com\/wp-content\/uploads\/2020\/03\/Contreras-OAP.jpg","jetpack_sharing_enabled":true,"_links":{"self":[{"href":"https:\/\/portaltactica.com\/index.php?rest_route=\/wp\/v2\/posts\/29359","targetHints":{"allow":["GET"]}}],"collection":[{"href":"https:\/\/portaltactica.com\/index.php?rest_route=\/wp\/v2\/posts"}],"about":[{"href":"https:\/\/portaltactica.com\/index.php?rest_route=\/wp\/v2\/types\/post"}],"author":[{"embeddable":true,"href":"https:\/\/portaltactica.com\/index.php?rest_route=\/wp\/v2\/users\/1"}],"replies":[{"embeddable":true,"href":"https:\/\/portaltactica.com\/index.php?rest_route=%2Fwp%2Fv2%2Fcomments&post=29359"}],"version-history":[{"count":1,"href":"https:\/\/portaltactica.com\/index.php?rest_route=\/wp\/v2\/posts\/29359\/revisions"}],"predecessor-version":[{"id":29361,"href":"https:\/\/portaltactica.com\/index.php?rest_route=\/wp\/v2\/posts\/29359\/revisions\/29361"}],"wp:featuredmedia":[{"embeddable":true,"href":"https:\/\/portaltactica.com\/index.php?rest_route=\/wp\/v2\/media\/29360"}],"wp:attachment":[{"href":"https:\/\/portaltactica.com\/index.php?rest_route=%2Fwp%2Fv2%2Fmedia&parent=29359"}],"wp:term":[{"taxonomy":"category","embeddable":true,"href":"https:\/\/portaltactica.com\/index.php?rest_route=%2Fwp%2Fv2%2Fcategories&post=29359"},{"taxonomy":"post_tag","embeddable":true,"href":"https:\/\/portaltactica.com\/index.php?rest_route=%2Fwp%2Fv2%2Ftags&post=29359"}],"curies":[{"name":"wp","href":"https:\/\/api.w.org\/{rel}","templated":true}]}}