{"id":26760,"date":"2020-01-30T19:20:25","date_gmt":"2020-01-31T02:20:25","guid":{"rendered":"https:\/\/portaltactica.com\/?p=26760"},"modified":"2020-01-30T21:55:20","modified_gmt":"2020-01-31T04:55:20","slug":"la-esencia-de-mazatlan-se-toca-se-huele-se-escucha-y-se-saborea-en-la-fitur","status":"publish","type":"post","link":"https:\/\/portaltactica.com\/?p=26760","title":{"rendered":"La esencia de Mazatl\u00e1n se toca, se huele, se escucha y se saborea en la FITUR"},"content":{"rendered":"\n<p><strong>El alcalde de Mazatl\u00e1n, Luis Guillermo Ben\u00edtez Torres se siente satisfecho del trabajo de promoci\u00f3n hecho en Madrid y sostiene que los resultados podr\u00edan verse reflejados este a\u00f1o. <\/strong><\/p>\n\n\n\n<p><br><strong>Se logran grandes proyectos de inversi\u00f3n para Mazatl\u00e1n por alrededor 140 millones de euros que corresponden al aproximado de 2 mil 888 millones 587 mil 951 pesos mexicanos.<\/strong><\/p>\n\n\n\n<p class=\"has-text-color has-background has-small-font-size has-very-light-gray-color has-luminous-vivid-orange-background-color\"><strong> Por: Fabiola Rodr\u00edguez <\/strong><\/p>\n\n\n\n<p>Para la comitiva que asisti\u00f3 a  la reci\u00e9n Feria Internacional de Turismo en Madrid Espa\u00f1a, encabezada por el alcalde de Mazatl\u00e1n, Luis Guillermo Ben\u00edtez Torres; su hom\u00f3nimo el alcalde de Escuinapa, Emmet  Soto Grave, autoridades municipales, empresarios y los l\u00edderes de Banda El Recodo; la participaci\u00f3n de Mazatl\u00e1n quien tambi\u00e9n represent\u00f3  a los municipios del sur de Sinaloa en el pabell\u00f3n de la FITUR, seg\u00fan palabras del \u201cQu\u00edmico\u201d Ben\u00edtez Torres, el stand representativo de la Riviera Mazatl\u00e1n \u201cluci\u00f3 un lleno total\u201d.<\/p>\n\n\n\n<p>Este jueves en conferencia de prensa, el primer edil mazatleco en la rendici\u00f3n del informe de actividades y resultados obtenidos de la participaci\u00f3n de la Riviera Mazatl\u00e1n en Madrid, se logr\u00f3 poner a Mazatl\u00e1n y el nuevo concepto de Riviera Mazatl\u00e1n en el mapa del mundo.<\/p>\n\n\n\n<p>El registro de visitas que tuvo el stand de la Riviera Mazatl\u00e1n al interior del Pabell\u00f3n M\u00e9xico fue de 12 mil personas, adem\u00e1s de que seg\u00fan el portal VisitM\u00e9xico tuvo mil 707 cibernautas que teclearon en el buscador Riviera Mazatl\u00e1n, logrando atender 41 citas y concret\u00e1ndose acuerdos y compromisos de diversos temas tur\u00edsticos y de inversi\u00f3n que aporten al desarrollo y crecimiento del destino.<\/p>\n\n\n\n<p>Para el alcalde Ben\u00edtez Torres el lograr reunir 12 mil visitantes en el stand representa un orgullo y satisfacci\u00f3n, \u201cNos sentimos gustosos a los que queremos este puerto, estamos trabajando con todo para darlo a conocer, fue el pabell\u00f3n m\u00e1s visitado de toda Am\u00e9rica, hay constancia de ello y de la Fitur que en su momento se los vamos a mostrar.\u201d, agreg\u00f3.<\/p>\n\n\n\n<figure class=\"wp-block-image size-full\"><img fetchpriority=\"high\" decoding=\"async\" width=\"1124\" height=\"750\" src=\"https:\/\/portaltactica.com\/wp-content\/uploads\/2020\/01\/WhatsApp-Image-2020-01-30-at-6.41.30-PM1.jpeg\" alt=\"\" class=\"wp-image-26761\" srcset=\"https:\/\/portaltactica.com\/wp-content\/uploads\/2020\/01\/WhatsApp-Image-2020-01-30-at-6.41.30-PM1.jpeg 1124w, https:\/\/portaltactica.com\/wp-content\/uploads\/2020\/01\/WhatsApp-Image-2020-01-30-at-6.41.30-PM1-768x512.jpeg 768w, https:\/\/portaltactica.com\/wp-content\/uploads\/2020\/01\/WhatsApp-Image-2020-01-30-at-6.41.30-PM1-272x182.jpeg 272w\" sizes=\"(max-width: 1124px) 100vw, 1124px\" \/><\/figure>\n\n\n\n<p>Durante la explicaci\u00f3n, el alcalde detall\u00f3 la lista de pa\u00edses que buscaron en el portal internacional VisitM\u00e9xico la Riviera Mazatl\u00e1n entre los que destacan Espa\u00f1a, Francia, Irlanda, Federaci\u00f3n Rusa, Uruguay, Corea del Sur, Luxemburgo, Polonia, Canad\u00e1 y Arabia Saudita que se interesaron de manera virtual en la Riviera Mazatl\u00e1n.<\/p>\n\n\n\n<p>Durante los 6 d\u00edas de la Feria Internacional de Turismo, se ofrecieron muestras gastron\u00f3micas con la preparaci\u00f3n  diaria de mil 200 bocadillos, platillos y t\u00edpicos dulces de la regi\u00f3n, elaborados por reconocidos chef de Mazatl\u00e1n, que con el acompa\u00f1amiento de las dos presentaciones de Banda El Recodo, en la Embajada de M\u00e9xico y la Casa de M\u00e9xico en Espa\u00f1a y en la apertura de la FITUR, junto con el ambiente puesto por las 30 activaciones del Instituto de Cultura y las reinas del carnaval y bailarines, mostraron las tradiciones, costumbres y el esp\u00edritu de Mazatl\u00e1n.<\/p>\n\n\n\n<p>Luis Guillermo Ben\u00edtez Torres, agradeci\u00f3 a los lideres de Banda El Recodo, \u201cPoncho\u201d y Joel Liz\u00e1rraga porque no cobraron sus presentaciones en la FITUR, pero que tampoco pidieron para gastos y pagos de vi\u00e1ticos de alojamiento y alimentos.<br>\n                                                                                                                                                                                                      El presidente municipal fue enf\u00e1tico en su discurso sobre el resultado de la Riviera Mazatl\u00e1n. \u201cEl stand luci\u00f3 lleno total, as\u00ed con letras may\u00fasculas, lo subrayo, \u00b4Un lleno Total\u00b4 durante todo el transcurso de las exposiciones\u2026 vali\u00f3 la pena asistir\u2026\u201d, precis\u00f3 al momento de dejar claro, que fue m\u00e1s visitado que el stand de Cuba y la Riviera Maya y Nayarit.<\/p>\n\n\n\n<p>El resultado destacable que dej\u00f3 el viaje de trabajo y de promoci\u00f3n y que ha sido cuestionado por medios de la localidad, son los proyectos de inversi\u00f3n que se lograron para Mazatl\u00e1n, como es la instalaci\u00f3n de una nueva planta en Mazatl\u00e1n para la generaci\u00f3n de hidr\u00f3geno como combustible, con una inversi\u00f3n cercana a los 120 millones de euros. Y otro proyecto m\u00e1s que result\u00f3 luego del recorrido que hicieron la comitiva sinaloense a la compa\u00f1\u00eda Molecor Tecnolog\u00edas. Su directora ejecutiva, Dolores Serrano, expres\u00f3 su inter\u00e9s de establecer una planta para la fabricaci\u00f3n de tubos de PVC orientado en el puerto, con una inversi\u00f3n aproximada a los 20 millones de euros.<\/p>\n\n\n\n<figure class=\"wp-block-image size-full\"><img decoding=\"async\" width=\"1124\" height=\"750\" src=\"https:\/\/portaltactica.com\/wp-content\/uploads\/2020\/01\/WhatsApp-Image-2020-01-30-at-6.41.30-PM3.jpeg\" alt=\"\" class=\"wp-image-26762\" srcset=\"https:\/\/portaltactica.com\/wp-content\/uploads\/2020\/01\/WhatsApp-Image-2020-01-30-at-6.41.30-PM3.jpeg 1124w, https:\/\/portaltactica.com\/wp-content\/uploads\/2020\/01\/WhatsApp-Image-2020-01-30-at-6.41.30-PM3-768x512.jpeg 768w, https:\/\/portaltactica.com\/wp-content\/uploads\/2020\/01\/WhatsApp-Image-2020-01-30-at-6.41.30-PM3-272x182.jpeg 272w\" sizes=\"(max-width: 1124px) 100vw, 1124px\" \/><\/figure>\n\n\n\n<p>Con estos proyectos de inversi\u00f3n, m\u00e1s los hermanamientos entre Huatulco y Mazatl\u00e1n, la participaci\u00f3n de la Riviera Mazatl\u00e1n en la agenda de la Organizaci\u00f3n Mundial de Turismo para crear una agenda propia de trabajo en la ciudad, el acuerdo con la Casa de M\u00e9xico en Espa\u00f1a donde de manera in\u00e9dita en la historia de un destino tur\u00edstico municipal se presentar\u00e1 por primera vez como anfitri\u00f3n de dicho recinto que solamente recibe gobiernos estatales, donde estar\u00e1n municipios a trav\u00e9s de la Riviera Mazatl\u00e1n; es como el Gobierno de Mazatl\u00e1n junto al resto de los municipios del sur, lograron voltear los ojos del mercado europeo a Mazatl\u00e1n y el sur de Sinaloa.<\/p>\n<div class='share-to-whatsapp-wrapper'><div class='share-on-whsp'>Share on: <\/div><a data-text='La esencia de Mazatl\u00e1n se toca, se huele, se escucha y se saborea en la FITUR' data-link='https:\/\/portaltactica.com\/?p=26760' class='whatsapp-button whatsapp-share'>WhatsApp<\/a><div class='clear '><\/div><\/div>","protected":false},"excerpt":{"rendered":"<p>El alcalde de Mazatl\u00e1n, Luis Guillermo Ben\u00edtez Torres se siente satisfecho del trabajo de promoci\u00f3n hecho en Madrid y sostiene que&hellip;<\/p>\n","protected":false},"author":1,"featured_media":26788,"comment_status":"open","ping_status":"open","sticky":false,"template":"","format":"standard","meta":{"advanced_seo_description":"","jetpack_seo_html_title":"","jetpack_seo_noindex":false,"_jetpack_memberships_contains_paid_content":false,"footnotes":"","jetpack_publicize_message":"","jetpack_publicize_feature_enabled":true,"jetpack_social_post_already_shared":true,"jetpack_social_options":{"image_generator_settings":{"template":"highway","default_image_id":0,"font":"","enabled":false},"version":2}},"categories":[949,510],"tags":[1269,3174,665],"class_list":["post-26760","post","type-post","status-publish","format-standard","has-post-thumbnail","hentry","category-destacado-mi-sinaloa","category-mi-sinaloa","tag-ayuntamiento-de-mazatlan","tag-fitur-2020","tag-luis-guillermo-benitez-torres"],"jetpack_publicize_connections":[],"jetpack_featured_media_url":"https:\/\/portaltactica.com\/wp-content\/uploads\/2020\/01\/WhatsApp-Image-2020-01-30-at-6.41.30-PM.jpeg","jetpack_sharing_enabled":true,"_links":{"self":[{"href":"https:\/\/portaltactica.com\/index.php?rest_route=\/wp\/v2\/posts\/26760","targetHints":{"allow":["GET"]}}],"collection":[{"href":"https:\/\/portaltactica.com\/index.php?rest_route=\/wp\/v2\/posts"}],"about":[{"href":"https:\/\/portaltactica.com\/index.php?rest_route=\/wp\/v2\/types\/post"}],"author":[{"embeddable":true,"href":"https:\/\/portaltactica.com\/index.php?rest_route=\/wp\/v2\/users\/1"}],"replies":[{"embeddable":true,"href":"https:\/\/portaltactica.com\/index.php?rest_route=%2Fwp%2Fv2%2Fcomments&post=26760"}],"version-history":[{"count":1,"href":"https:\/\/portaltactica.com\/index.php?rest_route=\/wp\/v2\/posts\/26760\/revisions"}],"predecessor-version":[{"id":26763,"href":"https:\/\/portaltactica.com\/index.php?rest_route=\/wp\/v2\/posts\/26760\/revisions\/26763"}],"wp:featuredmedia":[{"embeddable":true,"href":"https:\/\/portaltactica.com\/index.php?rest_route=\/wp\/v2\/media\/26788"}],"wp:attachment":[{"href":"https:\/\/portaltactica.com\/index.php?rest_route=%2Fwp%2Fv2%2Fmedia&parent=26760"}],"wp:term":[{"taxonomy":"category","embeddable":true,"href":"https:\/\/portaltactica.com\/index.php?rest_route=%2Fwp%2Fv2%2Fcategories&post=26760"},{"taxonomy":"post_tag","embeddable":true,"href":"https:\/\/portaltactica.com\/index.php?rest_route=%2Fwp%2Fv2%2Ftags&post=26760"}],"curies":[{"name":"wp","href":"https:\/\/api.w.org\/{rel}","templated":true}]}}