{"id":21063,"date":"2019-10-18T22:11:26","date_gmt":"2019-10-19T04:11:26","guid":{"rendered":"https:\/\/portaltactica.com\/?p=21063"},"modified":"2019-10-18T22:11:32","modified_gmt":"2019-10-19T04:11:32","slug":"se-pronuncia-consejo-de-universidades-publicas-e-instituciones-afines-por-apoyar-a-la-uabc-y-a-la-uas","status":"publish","type":"post","link":"https:\/\/portaltactica.com\/?p=21063","title":{"rendered":"Se pronuncia Consejo de Universidades P\u00fablicas e Instituciones Afines por apoyar a la UABC y a la UAS"},"content":{"rendered":"\n<p>CDMX.- El Consejo de Universidades P\u00fablicas e Instituciones Afines (CUPIA) se pronunci\u00f3&nbsp; por apoyar a la Universidad Aut\u00f3noma de Baja California (UABC) ante el problema presupuestal que enfrenta, y por refrendar la defensa de la autonom\u00eda ante la amenaza que a\u00fan acecha a algunas universidades en el pa\u00eds, esto a propuesta del Rector de la Universidad Aut\u00f3noma de Sinaloa (UAS), doctor Juan Eulogio Guerra Liera.<\/p>\n\n\n\n<p>Lo anterior durante la LIII Sesi\u00f3n Ordinaria del CUPIA, que tuvo como sede el Colegio de Postgraduados, con su director general doctor Jes\u00fas Moncada de la Fuente, que fue presidida por el Secretario General Ejecutivo de la ANUIES, maestro Jaime Valls Esponda y que cont\u00f3 con la participaci\u00f3n del Subsecretario de Educaci\u00f3n Superior de la SEP, doctor Luciano Concheiro B\u00f3rquez y de la titular de la DGESU, doctora Carmen Rodr\u00edguez Armenta.<\/p>\n\n\n\n<p>El Rector de la UAS coment\u00f3 de la reciente reuni\u00f3n del Consejo Regional Noroeste de ANUIES realizada en Chihuahua, y en donde se acord\u00f3 hacer tambi\u00e9n un pronunciamiento de apoyo a la UABC y a la Casa Rosalina que enfrenta la amenaza de cuatro iniciativas ciudadanas que plantean modificar su Ley Org\u00e1nica sin tomar en cuenta a su comunidad universitaria.<\/p>\n\n\n\n<p>\u201cPedimos nosotros a CUPIA poner sobre la mesa la posibilidad (\u2026) de un apoyo abierto a esta instituci\u00f3n y que esto nos permita el acompa\u00f1amiento y la garant\u00eda de que las gestiones de los rectores no est\u00e1n supeditadas a las decisiones personales como en este caso al gobernador en turno\u201d, dijo refiri\u00e9ndose a la Aut\u00f3noma de Baja California.<\/p>\n\n\n\n<figure class=\"wp-block-image\"><img fetchpriority=\"high\" decoding=\"async\" width=\"1024\" height=\"683\" src=\"https:\/\/portaltactica.com\/wp-content\/uploads\/2019\/10\/WhatsApp-Image-2019-10-18-at-9.57.33-PM.jpeg\" alt=\"\" class=\"wp-image-21065\" srcset=\"https:\/\/portaltactica.com\/wp-content\/uploads\/2019\/10\/WhatsApp-Image-2019-10-18-at-9.57.33-PM.jpeg 1024w, https:\/\/portaltactica.com\/wp-content\/uploads\/2019\/10\/WhatsApp-Image-2019-10-18-at-9.57.33-PM-768x512.jpeg 768w, https:\/\/portaltactica.com\/wp-content\/uploads\/2019\/10\/WhatsApp-Image-2019-10-18-at-9.57.33-PM-272x182.jpeg 272w\" sizes=\"(max-width: 1024px) 100vw, 1024px\" \/><\/figure>\n\n\n\n<p>\u201cYo pedir\u00eda y lo pongo en la mesa para que pudi\u00e9ramos dar el aval y el apoyo a la UABC y tambi\u00e9n pronunciarnos en el sentido de que hay temas m\u00e1s urgentes, m\u00e1s pertinentes y emergentes\u201d, dijo al referirse a los hechos violentos que reci\u00e9n se dieron en la ciudad de Culiac\u00e1n y que reafirma el aspecto de la educaci\u00f3n como una de las \u00fanicas oportunidades de mejorar.<\/p>\n\n\n\n<p>\u201cHay que reivindicar (\u2026) el hecho de que la oferta educativa y las instituciones de educaci\u00f3n p\u00fablica estatales son la gran alternativa para atender con calidad, con pertinencia, con valores y apostarle que sea una generaci\u00f3n que cambie lo que nosotros hemos sido incapaces de hacer\u201d, expres\u00f3.<\/p>\n\n\n\n<p>Guerra Liera tambi\u00e9n hizo un llamado a los rectores a voltear a ver a los sindicatos como un componente de estabilidad y a trabajar para fortalecer CUPIA, para fortalecer ANUIES, a la CONTU y la gesti\u00f3n de manera integrada de los diferentes componentes&nbsp;que se mueven en las instituciones.<\/p>\n\n\n\n<p>El planteamiento del Rector de la UAS fue respaldado por los rectores de las universidades aut\u00f3nomas Del Carmen (UNACAR) y Quer\u00e9taro (UAQ) mientras que el Rector de la UABC, Daniel Octavio Valdez Delgadillo, agradeci\u00f3 el apoyo que se le est\u00e1 brindando a su instituci\u00f3n tanto por la Regi\u00f3n Noroeste de ANUIES y ahora por CUPIA.<\/p>\n\n\n\n<p>Por su parte el titular de la ANUIES, Jaime Valls Esponda, enfatiz\u00f3 que esta Asociaci\u00f3n es una aliada con la que cuenta la sociedad mexicana para mejorar la educaci\u00f3n superior y es tambi\u00e9n aliada del gobierno para impulsar proyectos detonantes del desarrollo regional y para dise\u00f1ar las mejores pol\u00edticas p\u00fablicas en el sector.<\/p>\n\n\n\n<p>La titular de la Direcci\u00f3n General de Educaci\u00f3n Superior Universitaria (DGESU), Carmen Rodr\u00edguez Armenta, expuso sobre el Programa de Fortalecimiento a la Excelencia Educativa (PROFEXCE) S300, antes PFCE, el cual representa una bolsa de 507 millones de pesos de recursos extraordinarios concursables para las universidades, el cual se plantea entregar como monto m\u00e1ximo por universidad de 50 millones de pesos en 2020 y una cantidad similar en 2021.<\/p>\n\n\n\n<figure class=\"wp-block-image\"><img decoding=\"async\" width=\"1024\" height=\"768\" src=\"https:\/\/portaltactica.com\/wp-content\/uploads\/2019\/10\/WhatsApp-Image-2019-10-18-at-9.57.40-PM.jpeg\" alt=\"\" class=\"wp-image-21066\" srcset=\"https:\/\/portaltactica.com\/wp-content\/uploads\/2019\/10\/WhatsApp-Image-2019-10-18-at-9.57.40-PM.jpeg 1024w, https:\/\/portaltactica.com\/wp-content\/uploads\/2019\/10\/WhatsApp-Image-2019-10-18-at-9.57.40-PM-768x576.jpeg 768w\" sizes=\"(max-width: 1024px) 100vw, 1024px\" \/><\/figure>\n\n\n\n<p>Rodr\u00edguez Armenta detall\u00f3 tambi\u00e9n la Gu\u00eda para la formulaci\u00f3n de la planeaci\u00f3n estrat\u00e9gica acad\u00e9mica y de la gesti\u00f3n institucional 2020-2021, habl\u00f3 de los ajustes a los Convenios de Apoyo Financiero 2019 y del Programa de Transici\u00f3n Energ\u00e9tica en las Universidades.<\/p>\n\n\n\n<p>El Subsecretario de Educaci\u00f3n Superior, Luciano Concheiro B\u00f3rquez, hizo una presentaci\u00f3n muy detallada del anteproyecto de Ley General de Educaci\u00f3n Superior y se\u00f1al\u00f3 que en los meses de noviembre-diciembre se llevar\u00e1 a cabo una Consulta Nacional con el prop\u00f3sito de enriquecer dicho proyecto de Ley.<\/p>\n<div class='share-to-whatsapp-wrapper'><div class='share-on-whsp'>Share on: <\/div><a data-text='Se pronuncia Consejo de Universidades P\u00fablicas e Instituciones Afines por apoyar a la UABC y a la UAS' data-link='https:\/\/portaltactica.com\/?p=21063' class='whatsapp-button whatsapp-share'>WhatsApp<\/a><div class='clear '><\/div><\/div>","protected":false},"excerpt":{"rendered":"<p>CDMX.- El Consejo de Universidades P\u00fablicas e Instituciones Afines (CUPIA) se pronunci\u00f3&nbsp; por apoyar a la Universidad Aut\u00f3noma de Baja California&hellip;<\/p>\n","protected":false},"author":1,"featured_media":21064,"comment_status":"open","ping_status":"open","sticky":false,"template":"","format":"standard","meta":{"advanced_seo_description":"","jetpack_seo_html_title":"","jetpack_seo_noindex":false,"_jetpack_memberships_contains_paid_content":false,"footnotes":"","jetpack_publicize_message":"","jetpack_publicize_feature_enabled":true,"jetpack_social_post_already_shared":true,"jetpack_social_options":{"image_generator_settings":{"template":"highway","default_image_id":0,"font":"","enabled":false},"version":2}},"categories":[949,947],"tags":[2641,625,2642,558],"class_list":["post-21063","post","type-post","status-publish","format-standard","has-post-thumbnail","hentry","category-destacado-mi-sinaloa","category-universidad","tag-cupia","tag-juan-eulogio-guerra-liera","tag-uabc","tag-uas"],"jetpack_publicize_connections":[],"jetpack_featured_media_url":"https:\/\/portaltactica.com\/wp-content\/uploads\/2019\/10\/WhatsApp-Image-2019-10-18-at-9.57.39-PM.jpeg","jetpack_sharing_enabled":true,"_links":{"self":[{"href":"https:\/\/portaltactica.com\/index.php?rest_route=\/wp\/v2\/posts\/21063","targetHints":{"allow":["GET"]}}],"collection":[{"href":"https:\/\/portaltactica.com\/index.php?rest_route=\/wp\/v2\/posts"}],"about":[{"href":"https:\/\/portaltactica.com\/index.php?rest_route=\/wp\/v2\/types\/post"}],"author":[{"embeddable":true,"href":"https:\/\/portaltactica.com\/index.php?rest_route=\/wp\/v2\/users\/1"}],"replies":[{"embeddable":true,"href":"https:\/\/portaltactica.com\/index.php?rest_route=%2Fwp%2Fv2%2Fcomments&post=21063"}],"version-history":[{"count":1,"href":"https:\/\/portaltactica.com\/index.php?rest_route=\/wp\/v2\/posts\/21063\/revisions"}],"predecessor-version":[{"id":21067,"href":"https:\/\/portaltactica.com\/index.php?rest_route=\/wp\/v2\/posts\/21063\/revisions\/21067"}],"wp:featuredmedia":[{"embeddable":true,"href":"https:\/\/portaltactica.com\/index.php?rest_route=\/wp\/v2\/media\/21064"}],"wp:attachment":[{"href":"https:\/\/portaltactica.com\/index.php?rest_route=%2Fwp%2Fv2%2Fmedia&parent=21063"}],"wp:term":[{"taxonomy":"category","embeddable":true,"href":"https:\/\/portaltactica.com\/index.php?rest_route=%2Fwp%2Fv2%2Fcategories&post=21063"},{"taxonomy":"post_tag","embeddable":true,"href":"https:\/\/portaltactica.com\/index.php?rest_route=%2Fwp%2Fv2%2Ftags&post=21063"}],"curies":[{"name":"wp","href":"https:\/\/api.w.org\/{rel}","templated":true}]}}