{"id":11045,"date":"2019-05-15T11:09:05","date_gmt":"2019-05-15T17:09:05","guid":{"rendered":"https:\/\/portaltactica.com\/?p=11045"},"modified":"2019-05-15T11:09:13","modified_gmt":"2019-05-15T17:09:13","slug":"el-bayern-munich-tambien-quiere-a-griezmann-en-su-plantel","status":"publish","type":"post","link":"https:\/\/portaltactica.com\/?p=11045","title":{"rendered":"El Bayern M\u00fanich tambi\u00e9n quiere a Griezmann en su plantel"},"content":{"rendered":"\n<p style=\"font-size:22px;text-align:center\"><strong><em>Ser\u00eda el \u00fanico club que no le obligar\u00eda a bajarse el sueldo y cobrar\u00eda unos 20 millones netos anuales<\/em><\/strong><\/p>\n\n\n\n<p>Parece ser que crece el n\u00famero de pretendientes para\u00a0<strong>Antoine Griezmann<\/strong>, que\u00a0no seguir\u00e1 en el Atl\u00e9tico de Madrid la pr\u00f3xima temporada. Adem\u00e1s de los conocidos intereses del Bar\u00e7a y el PSG, ahora se a\u00f1adir\u00eda el Bayern de M\u00fanich, seg\u00fan informa Deportes COPE.<\/p>\n\n\n\n<p>El campe\u00f3n del mundo\u00a0<strong>ten\u00eda contrato hasta 2023 con los rojiblancos<\/strong>, pero este martes anunci\u00f3 que finalizaba su etapa en el club tras cinco a\u00f1os como colchonero.\u00a0Otros atacantes que tambi\u00e9n se marchan de su club son Robben y Ribery, ambos militantes del\u00a0<strong>Bayern de M\u00fanich<\/strong>. Por eso mismo, seg\u00fan indica Antonio Ruiz en Deportes COPE, el club b\u00e1varo estar\u00eda interesado en el franc\u00e9s.<\/p>\n\n\n\n<p><strong>Los alemanes quieren contar con Griezmann para cubrir estas bajas<\/strong>&nbsp;y disponer de un delantero de calidad para seguir dando guerra tanto en la Bundesliga como en Europa. Aseguran que los muniqueses&nbsp;<strong>habr\u00edan intentado contactar con su hermana y con el agente del jugador<\/strong>.<\/p>\n\n\n\n<p>Hablando sobre el tema contractual,&nbsp;<strong>el Bayern ser\u00eda el \u00fanico de los pretendientes que no le obligar\u00eda a bajarse el sueldo<\/strong>, dej\u00e1ndolo en unos&nbsp;<strong>20 millones de euros netos al a\u00f1o<\/strong>.<\/p>\n\n\n\n<p>A pesar de anunciar su marcha del Atl\u00e9tico de Madrid, su futuro a\u00fan no est\u00e1 claro.\u00a0El Bar\u00e7a ser\u00eda un destino probable, pero\u00a0<strong>el club quiere ir con cautela<\/strong>\u00a0tras lo sucedido la temporada pasada con\u00a0<strong>el documental de &#8216;La Decisi\u00f3n&#8217;<\/strong>, donde dej\u00f3 a los aficionados en vilo hasta el final para decidir si se quedaba con los rojiblancos o se marchaba a Barcelona.<\/p>\n\n\n\n<p>Seg\u00fan afirman en la COPE, los mandatarios del club azulgrana valoran\u00a0<strong>el fichaje de &#8216;El Principito&#8217; como a una oportunidad de mercado<\/strong>. A pesar de estar cerca del Bar\u00e7a, no dar\u00e1n por hecho el fichaje hasta cerrar todo el acuerdo.\u00a0<\/p>\n\n\n\n<p style=\"font-size:11px\"><em>Fuente: Sport.<\/em><\/p>\n<div class='share-to-whatsapp-wrapper'><div class='share-on-whsp'>Share on: <\/div><a data-text='El Bayern M\u00fanich tambi\u00e9n quiere a Griezmann en su plantel' data-link='https:\/\/portaltactica.com\/?p=11045' class='whatsapp-button whatsapp-share'>WhatsApp<\/a><div class='clear '><\/div><\/div>","protected":false},"excerpt":{"rendered":"<p>Ser\u00eda el \u00fanico club que no le obligar\u00eda a bajarse el sueldo y cobrar\u00eda unos 20 millones netos anuales Parece ser&hellip;<\/p>\n","protected":false},"author":1,"featured_media":11046,"comment_status":"open","ping_status":"open","sticky":false,"template":"","format":"standard","meta":{"advanced_seo_description":"","jetpack_seo_html_title":"","jetpack_seo_noindex":false,"_jetpack_memberships_contains_paid_content":false,"footnotes":"","jetpack_publicize_message":"","jetpack_publicize_feature_enabled":true,"jetpack_social_post_already_shared":true,"jetpack_social_options":{"image_generator_settings":{"template":"highway","default_image_id":0,"font":"","enabled":false},"version":2}},"categories":[6],"tags":[417,791],"class_list":["post-11045","post","type-post","status-publish","format-standard","has-post-thumbnail","hentry","category-internacional","tag-bayern-munich","tag-griezmann"],"jetpack_publicize_connections":[],"jetpack_featured_media_url":"https:\/\/portaltactica.com\/wp-content\/uploads\/2019\/05\/griezmann-disputo-ultimo-partido-wanda-pasado-domingo-1557936921398.jpg","jetpack_sharing_enabled":true,"_links":{"self":[{"href":"https:\/\/portaltactica.com\/index.php?rest_route=\/wp\/v2\/posts\/11045","targetHints":{"allow":["GET"]}}],"collection":[{"href":"https:\/\/portaltactica.com\/index.php?rest_route=\/wp\/v2\/posts"}],"about":[{"href":"https:\/\/portaltactica.com\/index.php?rest_route=\/wp\/v2\/types\/post"}],"author":[{"embeddable":true,"href":"https:\/\/portaltactica.com\/index.php?rest_route=\/wp\/v2\/users\/1"}],"replies":[{"embeddable":true,"href":"https:\/\/portaltactica.com\/index.php?rest_route=%2Fwp%2Fv2%2Fcomments&post=11045"}],"version-history":[{"count":1,"href":"https:\/\/portaltactica.com\/index.php?rest_route=\/wp\/v2\/posts\/11045\/revisions"}],"predecessor-version":[{"id":11047,"href":"https:\/\/portaltactica.com\/index.php?rest_route=\/wp\/v2\/posts\/11045\/revisions\/11047"}],"wp:featuredmedia":[{"embeddable":true,"href":"https:\/\/portaltactica.com\/index.php?rest_route=\/wp\/v2\/media\/11046"}],"wp:attachment":[{"href":"https:\/\/portaltactica.com\/index.php?rest_route=%2Fwp%2Fv2%2Fmedia&parent=11045"}],"wp:term":[{"taxonomy":"category","embeddable":true,"href":"https:\/\/portaltactica.com\/index.php?rest_route=%2Fwp%2Fv2%2Fcategories&post=11045"},{"taxonomy":"post_tag","embeddable":true,"href":"https:\/\/portaltactica.com\/index.php?rest_route=%2Fwp%2Fv2%2Ftags&post=11045"}],"curies":[{"name":"wp","href":"https:\/\/api.w.org\/{rel}","templated":true}]}}