{"id":108746,"date":"2026-09-05T15:59:33","date_gmt":"2026-09-05T22:59:33","guid":{"rendered":"https:\/\/portaltactica.com\/?p=108746"},"modified":"2026-09-05T15:59:33","modified_gmt":"2026-09-05T22:59:33","slug":"preseleccion-sinaloa-sub-14-varonil-se-concentra-en-mazatlan-rumbo-al-nacional-de-san-luis-potosi-de-ademeba","status":"publish","type":"post","link":"https:\/\/portaltactica.com\/?p=108746","title":{"rendered":"Preselecci\u00f3n Sinaloa Sub 14 varonil se concentra en Mazatl\u00e1n rumbo al Nacional de San Luis Potos\u00ed de Ademeba"},"content":{"rendered":"\n<p class=\"wp-block-paragraph\">Bajo las \u00f3rdenes del entrenador, H\u00e9ctor \u201cNito\u201d Ib\u00e1\u00f1ez, los basquetbolistas de Ahome, Culiac\u00e1n y Mazatl\u00e1n, se preparan con miras al certamen que se llevar\u00e1 a cabo del 11 al 15 de octubre, bajo la organizaci\u00f3n de la Asociaci\u00f3n Deportiva Mexicana de Baloncesto<\/p>\n\n\n\n<p class=\"wp-block-paragraph\">Mazatl\u00e1n, Sinaloa a 5 de septiembre de 2026.- La preselecci\u00f3n Sinaloa de basquetbol categor\u00eda 2012 varonil Sub-14, se concentr\u00f3 en la \u201cCueva de los Leones\u201d del Colegio SAM en Mazatl\u00e1n, bajo las \u00f3rdenes del entrenador H\u00e9ctor \u201cNito\u201d Ib\u00e1\u00f1ez, con miras al Campeonato Nacional Ademeba que se llevar\u00e1 a cabo del 11 al 15 de octubre, en San Luis Potos\u00ed.<\/p>\n\n\n\n<p class=\"wp-block-paragraph\">El motivo de la reuni\u00f3n ser\u00e1 definir a los 12 jugadores que representar\u00e1n al estado, de un grupo de 17 j\u00f3venes de tercero de secundaria considerados los mejores de todo Sinaloa.<\/p>\n\n\n\n<p class=\"wp-block-paragraph\">\u201cEs un compromiso muy grande. Es una buena generaci\u00f3n, hay mucho talento, mucho joven talentoso y eso nos pone en el ojo del hurac\u00e1n. Tenemos que hacer bien las cosas y representar bien al estado\u201d, dijo Ib\u00e1\u00f1ez Bautista, ex jugador profesional, campe\u00f3n y hoy formador de talentos.<\/p>\n\n\n\n<p class=\"wp-block-paragraph\">\u201cEs lo mejor del estado, estamos entre los primeros lugares a nivel nacional. Es una selecci\u00f3n que tiene mucho futuro, mucha madera para representar bien al estado\u201d.<\/p>\n\n\n\n<p class=\"wp-block-paragraph\">La preselecci\u00f3n cuenta con jugadores de Selecci\u00f3n Nacional M\u00e9xicana, como Humberto Zazueta Castro, M\u00e1ximo Campos Meza y Carlos Mora Maldonado, adem\u00e1s de talentos como Onofre Espinosa M\u00e9ndez, de Los Mochis, y Vinicio Garc\u00eda, de Mazatl\u00e1n.<\/p>\n\n\n\n<p class=\"wp-block-paragraph\">Ib\u00e1\u00f1ez Bautista comparti\u00f3 que los jugadores que integran la preselecci\u00f3n Sub 14 provienen de los municipios de Ahome (Josafat y Onofre), Culiac\u00e1n (Humberto, Santiago, Mateo y M\u00e1ximo) y Mazatl\u00e1n, base del equipo, al ser los actuales campeones estatales, lo que le permite que los entrenamientos se realicen en el puerto.<\/p>\n\n\n\n<p class=\"wp-block-paragraph\">\u201cEl trabajo m\u00e1s dif\u00edcil lo tengo yo en escoger los 12, ya que los 17 muchachos son lo mejor que hay en el estado en la categor\u00eda\u201d, expres\u00f3 el seleccionador quien confirm\u00f3 que este domingo la preselecci\u00f3n Sub 14 sostendr\u00e1 un juego de preparaci\u00f3n, de 11:00 a 12:00 horas, contra selecci\u00f3n 2011 de la Academia SAM, en la duela de la &#8220;Cueva de los Leones&#8221;.<\/p>\n\n\n\n<p class=\"wp-block-paragraph\">La definici\u00f3n de la selecci\u00f3n final se har\u00e1 el pr\u00f3ximo fin de semana en coordinaci\u00f3n con C\u00e9sar Ochoa, presidente de ADEMEBA Sinaloa.<\/p>\n<div class='share-to-whatsapp-wrapper'><div class='share-on-whsp'>Share on: <\/div><a data-text='Preselecci\u00f3n Sinaloa Sub 14 varonil se concentra en Mazatl\u00e1n rumbo al Nacional de San Luis Potos\u00ed de Ademeba' data-link='https:\/\/portaltactica.com\/?p=108746' class='whatsapp-button whatsapp-share'>WhatsApp<\/a><div class='clear '><\/div><\/div>","protected":false},"excerpt":{"rendered":"<p>Bajo las \u00f3rdenes del entrenador, H\u00e9ctor \u201cNito\u201d Ib\u00e1\u00f1ez, los basquetbolistas de Ahome, Culiac\u00e1n y Mazatl\u00e1n, se preparan con miras al certamen&hellip;<\/p>\n","protected":false},"author":1,"featured_media":108745,"comment_status":"","ping_status":"","sticky":false,"template":"","format":"standard","meta":{"advanced_seo_description":"","jetpack_seo_html_title":"","jetpack_seo_noindex":false,"jetpack_seo_schema_type":"","_jetpack_newsletter_access":"","_jetpack_dont_email_post_to_subs":false,"_jetpack_newsletter_tier_id":0,"_jetpack_memberships_contains_paywalled_content":false,"_jetpack_feature_clip_id":0,"_jetpack_memberships_contains_paid_content":false,"footnotes":"","jetpack_publicize_message":"","jetpack_publicize_feature_enabled":true,"jetpack_social_post_already_shared":true,"jetpack_social_options":{"image_generator_settings":{"template":"highway","default_image_id":0,"font":"","enabled":false},"version":2},"jetpack_post_was_ever_published":false},"categories":[1899],"tags":[37],"class_list":["post-108746","post","type-post","status-publish","format-standard","has-post-thumbnail","hentry","category-destacado-mazatlan","tag-imdem"],"jetpack_publicize_connections":[],"jetpack_sharing_enabled":true,"jetpack_featured_media_url":"https:\/\/portaltactica.com\/wp-content\/uploads\/2026\/09\/ea8b880b-94cc-4271-b8e0-a5adfe0535b0.jpg","_links":{"self":[{"href":"https:\/\/portaltactica.com\/index.php?rest_route=\/wp\/v2\/posts\/108746","targetHints":{"allow":["GET"]}}],"collection":[{"href":"https:\/\/portaltactica.com\/index.php?rest_route=\/wp\/v2\/posts"}],"about":[{"href":"https:\/\/portaltactica.com\/index.php?rest_route=\/wp\/v2\/types\/post"}],"author":[{"embeddable":true,"href":"https:\/\/portaltactica.com\/index.php?rest_route=\/wp\/v2\/users\/1"}],"replies":[{"embeddable":true,"href":"https:\/\/portaltactica.com\/index.php?rest_route=%2Fwp%2Fv2%2Fcomments&post=108746"}],"version-history":[{"count":0,"href":"https:\/\/portaltactica.com\/index.php?rest_route=\/wp\/v2\/posts\/108746\/revisions"}],"wp:featuredmedia":[{"embeddable":true,"href":"https:\/\/portaltactica.com\/index.php?rest_route=\/wp\/v2\/media\/108745"}],"wp:attachment":[{"href":"https:\/\/portaltactica.com\/index.php?rest_route=%2Fwp%2Fv2%2Fmedia&parent=108746"}],"wp:term":[{"taxonomy":"category","embeddable":true,"href":"https:\/\/portaltactica.com\/index.php?rest_route=%2Fwp%2Fv2%2Fcategories&post=108746"},{"taxonomy":"post_tag","embeddable":true,"href":"https:\/\/portaltactica.com\/index.php?rest_route=%2Fwp%2Fv2%2Ftags&post=108746"}],"curies":[{"name":"wp","href":"https:\/\/api.w.org\/{rel}","templated":true}]}}