{"id":108736,"date":"2026-09-05T15:03:42","date_gmt":"2026-09-05T22:03:42","guid":{"rendered":"https:\/\/portaltactica.com\/?p=108736"},"modified":"2026-09-05T15:04:02","modified_gmt":"2026-09-05T22:04:02","slug":"se-niega-a-declarar-el-futuro-de-infantino-queda-en-el-aire-tras-evitar-hablar-del-tema","status":"publish","type":"post","link":"https:\/\/portaltactica.com\/?p=108736","title":{"rendered":"\u00a1Se niega a declarar! El futuro de Infantino queda en el aire tras evitar hablar del tema"},"content":{"rendered":"\n<p class=\"wp-block-paragraph\">El presidente de la\u00a0<strong>FIFA<\/strong>,\u00a0<strong>Gianni Infantino<\/strong>, declin\u00f3 responder preguntas sobre su futuro al llegar a la inauguraci\u00f3n del\u00a0<strong>Mundial Femenino Sub-20<\/strong>\u00a0mientras enfrenta una presi\u00f3n continua desde que abandon\u00f3 su plan de vender las ganancias del\u00a0<strong>Mundial<\/strong>.<\/p>\n\n\n\n<p class=\"wp-block-paragraph\">Infantino fue visto en las gradas conversando con el presidente de la federaci\u00f3n polaca de f\u00fatbol,&nbsp;<strong>Cezary Kulesza<\/strong>, mientras el pa\u00eds anfitri\u00f3n, Polonia, se enfrentaba a Argentina el s\u00e1bado en la jornada inaugural del torneo.<\/p>\n\n\n\n<blockquote class=\"wp-block-quote is-layout-flow wp-block-quote-is-layout-flow\">\n<p class=\"wp-block-paragraph\">Habr\u00e1 mucho que decir, pero habr\u00e1 un lugar y un momento adecuados para decirlo. No es hoy, no es aqu\u00ed, pero aqu\u00ed y hoy, estamos disfrutando del f\u00fatbol\u201d, dijo Infantino al canal Sky News al llegar al estadio.<\/p>\n<\/blockquote>\n\n\n\n<blockquote class=\"wp-block-quote is-layout-flow wp-block-quote-is-layout-flow\">\n<p class=\"wp-block-paragraph\">Seguimos en la FIFA, por supuesto, trabajando para dar a cada rinc\u00f3n del mundo una posibilidad, una oportunidad, una dignidad, para encontrar formas y medios para que puedan mejorar y participar y celebrar el f\u00fatbol, que todos amamos\u201d.<\/p>\n<\/blockquote>\n\n\n\n<p class=\"wp-block-paragraph\">Infantino no respondi\u00f3 cuando se le pregunt\u00f3 si hab\u00eda considerado renunciar y si todav\u00eda tiene la intenci\u00f3n de presentarse a un cuarto mandato el pr\u00f3ximo a\u00f1o.<\/p>\n\n\n\n<p class=\"wp-block-paragraph\">Infantino se hab\u00eda mantenido en gran medida fuera del foco p\u00fablico en las semanas transcurridas desde que su plan de venta de las ganancias del Mundial se vino abajo en medio de la oposici\u00f3n de muchas naciones miembro de la FIFA y de algunos de sus propios funcionarios.<\/p>\n\n\n\n<p class=\"wp-block-paragraph\">Las naciones europeas \u2014una cuarta parte del cuadro de&nbsp;<strong>24 equipo<\/strong>s\u2014 dieron marcha atr\u00e1s la semana pasada en su amenaza de boicot, al citar garant\u00edas de la FIFA de que el plan no ser\u00eda reactivado.<\/p>\n\n\n\n<p class=\"wp-block-paragraph\">La acci\u00f3n legal por el intento original sigue su curso y Europa tiene un papel de liderazgo en los esfuerzos por destituir a Infantino antes de la elecci\u00f3n de la FIFA del pr\u00f3ximo a\u00f1o.<\/p>\n\n\n\n<p class=\"wp-block-paragraph\">Una presentaci\u00f3n judicial de la FIFA el jueves acus\u00f3 a la&nbsp;<strong>UEFA<\/strong>&nbsp;de llevar a cabo una \u201ccampa\u00f1a de desprestigio contra la FIFA y su dirigencia\u201d, mientras el organismo europeo del f\u00fatbol busca el acceso a pruebas relacionadas con el plan&nbsp;<strong>FIFA Forward Enterprise<\/strong>.<\/p>\n\n\n\n<p class=\"wp-block-paragraph\">Infantino enfureci\u00f3 a dirigentes del f\u00fatbol en todo el mundo en julio, poco despu\u00e9s de que terminara el Mundial, cuando el diario brit\u00e1nico The Times revel\u00f3 su plan para crear una filial de 20.000 millones de d\u00f3lares que controlar\u00eda los derechos comerciales de la FIFA, incluido el Mundial.<\/p>\n\n\n\n<p class=\"wp-block-paragraph\">La separaci\u00f3n iba a ser propiedad en un 20% de inversores encabezados por un fondo de Nueva York creado por Joshua Kushner, cuyo dinero inicial se destinar\u00eda a financiar ofertas de 20 millones de d\u00f3lares para cada una de las 211 federaciones miembro de la FIFA. Se les dio como plazo hasta mediados de septiembre para aceptar.<\/p>\n\n\n\n<p class=\"wp-block-paragraph\">El presidente de la FIFA retir\u00f3 su propuesta en un plazo de cuatro d\u00edas. La UEFA cont\u00f3 con el respaldo de la Confederaci\u00f3n Asi\u00e1tica de F\u00fatbol y del organismo del f\u00fatbol de Norteam\u00e9rica, la CONCACAF, y hubo cr\u00edticas al plan y a Infantino por parte de altos funcionarios de la FIFA.<\/p>\n<div class='share-to-whatsapp-wrapper'><div class='share-on-whsp'>Share on: <\/div><a data-text='\u00a1Se niega a declarar! El futuro de Infantino queda en el aire tras evitar hablar del tema' data-link='https:\/\/portaltactica.com\/?p=108736' class='whatsapp-button whatsapp-share'>WhatsApp<\/a><div class='clear '><\/div><\/div>","protected":false},"excerpt":{"rendered":"<p>El presidente de la\u00a0FIFA,\u00a0Gianni Infantino, declin\u00f3 responder preguntas sobre su futuro al llegar a la inauguraci\u00f3n del\u00a0Mundial Femenino Sub-20\u00a0mientras enfrenta una&hellip;<\/p>\n","protected":false},"author":2,"featured_media":108737,"comment_status":"closed","ping_status":"closed","sticky":false,"template":"","format":"standard","meta":{"advanced_seo_description":"","jetpack_seo_html_title":"","jetpack_seo_noindex":false,"jetpack_seo_schema_type":"","_jetpack_newsletter_access":"","_jetpack_dont_email_post_to_subs":false,"_jetpack_newsletter_tier_id":0,"_jetpack_memberships_contains_paywalled_content":false,"_jetpack_feature_clip_id":0,"_jetpack_memberships_contains_paid_content":false,"footnotes":"","jetpack_publicize_message":"","jetpack_publicize_feature_enabled":true,"jetpack_social_post_already_shared":true,"jetpack_social_options":{"image_generator_settings":{"template":"highway","default_image_id":0,"font":"","enabled":false},"version":2},"jetpack_post_was_ever_published":false},"categories":[1896],"tags":[],"class_list":["post-108736","post","type-post","status-publish","format-standard","has-post-thumbnail","hentry","category-destacado-portada"],"jetpack_publicize_connections":[],"jetpack_sharing_enabled":true,"jetpack_featured_media_url":"https:\/\/portaltactica.com\/wp-content\/uploads\/2026\/09\/9-3.jpg","_links":{"self":[{"href":"https:\/\/portaltactica.com\/index.php?rest_route=\/wp\/v2\/posts\/108736","targetHints":{"allow":["GET"]}}],"collection":[{"href":"https:\/\/portaltactica.com\/index.php?rest_route=\/wp\/v2\/posts"}],"about":[{"href":"https:\/\/portaltactica.com\/index.php?rest_route=\/wp\/v2\/types\/post"}],"author":[{"embeddable":true,"href":"https:\/\/portaltactica.com\/index.php?rest_route=\/wp\/v2\/users\/2"}],"replies":[{"embeddable":true,"href":"https:\/\/portaltactica.com\/index.php?rest_route=%2Fwp%2Fv2%2Fcomments&post=108736"}],"version-history":[{"count":1,"href":"https:\/\/portaltactica.com\/index.php?rest_route=\/wp\/v2\/posts\/108736\/revisions"}],"predecessor-version":[{"id":108738,"href":"https:\/\/portaltactica.com\/index.php?rest_route=\/wp\/v2\/posts\/108736\/revisions\/108738"}],"wp:featuredmedia":[{"embeddable":true,"href":"https:\/\/portaltactica.com\/index.php?rest_route=\/wp\/v2\/media\/108737"}],"wp:attachment":[{"href":"https:\/\/portaltactica.com\/index.php?rest_route=%2Fwp%2Fv2%2Fmedia&parent=108736"}],"wp:term":[{"taxonomy":"category","embeddable":true,"href":"https:\/\/portaltactica.com\/index.php?rest_route=%2Fwp%2Fv2%2Fcategories&post=108736"},{"taxonomy":"post_tag","embeddable":true,"href":"https:\/\/portaltactica.com\/index.php?rest_route=%2Fwp%2Fv2%2Ftags&post=108736"}],"curies":[{"name":"wp","href":"https:\/\/api.w.org\/{rel}","templated":true}]}}