{"id":108730,"date":"2026-09-05T14:54:24","date_gmt":"2026-09-05T21:54:24","guid":{"rendered":"https:\/\/portaltactica.com\/?p=108730"},"modified":"2026-09-05T14:54:32","modified_gmt":"2026-09-05T21:54:32","slug":"alejandro-zendejas-y-miguel-borja-destacan-con-goles-en-la-sub-21-del-america","status":"publish","type":"post","link":"https:\/\/portaltactica.com\/?p=108730","title":{"rendered":"Alejandro Zendejas y Miguel Borja destacan con goles en la Sub-21 del Am\u00e9rica"},"content":{"rendered":"\n<p class=\"wp-block-paragraph\"><strong>Am\u00e9rica<\/strong>\u00a0recibi\u00f3 una noticia positiva, luego de que\u00a0<strong>Alejandro Zendejas<\/strong>,\u00a0<strong>Miguel Borja<\/strong>\u00a0y\u00a0<strong>Luis \u00c1ngel Malag\u00f3n<\/strong>\u00a0tuvieran participaci\u00f3n con la categor\u00eda Sub 21 frente a Tijuana. Los tres elementos del primer equipo aprovecharon el encuentro para recuperar ritmo y acercarse a su regreso con las \u00c1guilas.<\/p>\n\n\n\n<p class=\"wp-block-paragraph\"><strong>Zendejas fue uno de los principales protagonistas.<\/strong>&nbsp;El atacante&nbsp; volvi\u00f3 a disputar un partido despu\u00e9s de una prolongada ausencia y necesit\u00f3&nbsp;<strong>menos de cinco minutos para hacerse presente en el marcador<\/strong>. El futbolista recibi\u00f3 la oportunidad de sumar minutos con la categor\u00eda menor tras superar una intervenci\u00f3n de limpieza articular en la rodilla.<\/p>\n\n\n\n<p class=\"wp-block-paragraph\">El mediocampista no ten\u00eda actividad desde su participaci\u00f3n con&nbsp;<strong>Estados Unidos<\/strong>&nbsp;en la Copa del Mundo, donde apenas disput\u00f3 15 minutos. Desde entonces, su recuperaci\u00f3n hab\u00eda sido uno de los temas de atenci\u00f3n dentro del conjunto azulcrema, por lo que su regreso representa una se\u00f1al alentadora para el cuerpo t\u00e9cnico.<\/p>\n\n\n\n<h2 class=\"wp-block-heading\">\u00bfC\u00f3mo fue el accionar de MIguel Borja con la Sub 21 de las \u00c1guilas?<\/h2>\n\n\n\n<p class=\"wp-block-paragraph\">Por otra parte,&nbsp;<strong>Miguel Borja<\/strong>&nbsp;comenz\u00f3 a escribir sus primeros cap\u00edtulos como jugador del Am\u00e9rica. El delantero colombiano recibi\u00f3 sus primeros minutos con el equipo y&nbsp;<strong>respondi\u00f3 con una anotaci\u00f3n<\/strong>. Cerca de la media hora de partido, el atacante apareci\u00f3 dentro del \u00e1rea para definir con un disparo cruzado y colocar el 3-0, adem\u00e1s de celebrar su primer tanto con la instituci\u00f3n.<\/p>\n\n\n\n<figure class=\"wp-block-embed is-type-rich is-provider-x wp-block-embed-x\"><div class=\"wp-block-embed__wrapper\">\n<div class=\"embed-x\"><blockquote class=\"twitter-tweet\" data-width=\"550\" data-dnt=\"true\"><p lang=\"es\" dir=\"ltr\">SE ESTRENA MI COLIBR\u00cd A PASE DE ZENDEJAS.<br><br>UFFF SE VIENE ESTA  DUPLA \ud83d\ude2e\u200d\ud83d\udca8 <a href=\"https:\/\/t.co\/mEB9PpGjvE\">pic.twitter.com\/mEB9PpGjvE<\/a><\/p>&mdash; JEYCY\ud83d\udc99\ud83d\udc9b\ud83d\udc49\ud83e\udd85\ud83d\udc48\ud83c\uddf2\ud83c\uddfd (@jecy85) <a href=\"https:\/\/x.com\/jecy85\/status\/2096299925864694181?ref_src=twsrc%5Etfw\">September 5, 2026<\/a><\/blockquote><script async src=\"https:\/\/platform.x.com\/widgets.js\" charset=\"utf-8\"><\/script><\/div>\n<\/div><\/figure>\n\n\n\n<p class=\"wp-block-paragraph\">La jornada tambi\u00e9n tuvo como protagonista a&nbsp;<strong>Malag\u00f3n<\/strong>. El guardameta titular del Am\u00e9rica volvi\u00f3 a ocupar la porter\u00eda de la Sub 21 despu\u00e9s de superar la&nbsp;<strong>grave lesi\u00f3n en el tend\u00f3n de Aquiles<\/strong>. Su participaci\u00f3n forma parte del proceso que busca llevarlo de manera gradual hacia su retorno con el primer equipo.<\/p>\n\n\n\n<p class=\"wp-block-paragraph\">Los tres jugadores hab\u00edan formado parte del equipo azulcrema en&nbsp;<strong>Estados Unidos durante la Leagues Cup<\/strong>. Tras la eliminaci\u00f3n ante Rayados, regresaron a la Ciudad de M\u00e9xico, mientras el plantel principal permaneci\u00f3 en Houston para disputar el encuentro por el tercer lugar ante Le\u00f3n.<\/p>\n\n\n\n<p class=\"wp-block-paragraph\">Guillermo Almada opt\u00f3 por permitir que&nbsp;<strong>Zendejas, Borja y Malag\u00f3n sumaran minutos<\/strong>&nbsp;con la Sub 21. Ahora, la expectativa apunta a que los tres puedan aparecer en la pr\u00f3xima convocatoria del Am\u00e9rica cuando vuelva la actividad de la Liga MX.<\/p>\n<div class='share-to-whatsapp-wrapper'><div class='share-on-whsp'>Share on: <\/div><a data-text='Alejandro Zendejas y Miguel Borja destacan con goles en la Sub-21 del Am\u00e9rica' data-link='https:\/\/portaltactica.com\/?p=108730' class='whatsapp-button whatsapp-share'>WhatsApp<\/a><div class='clear '><\/div><\/div>","protected":false},"excerpt":{"rendered":"<p>Am\u00e9rica\u00a0recibi\u00f3 una noticia positiva, luego de que\u00a0Alejandro Zendejas,\u00a0Miguel Borja\u00a0y\u00a0Luis \u00c1ngel Malag\u00f3n\u00a0tuvieran participaci\u00f3n con la categor\u00eda Sub 21 frente a Tijuana. Los&hellip;<\/p>\n","protected":false},"author":2,"featured_media":108731,"comment_status":"closed","ping_status":"closed","sticky":false,"template":"","format":"standard","meta":{"advanced_seo_description":"","jetpack_seo_html_title":"","jetpack_seo_noindex":false,"jetpack_seo_schema_type":"","_jetpack_newsletter_access":"","_jetpack_dont_email_post_to_subs":false,"_jetpack_newsletter_tier_id":0,"_jetpack_memberships_contains_paywalled_content":false,"_jetpack_feature_clip_id":0,"_jetpack_memberships_contains_paid_content":false,"footnotes":"","jetpack_publicize_message":"","jetpack_publicize_feature_enabled":true,"jetpack_social_post_already_shared":true,"jetpack_social_options":{"image_generator_settings":{"template":"highway","default_image_id":0,"font":"","enabled":false},"version":2},"jetpack_post_was_ever_published":false},"categories":[1897],"tags":[],"class_list":["post-108730","post","type-post","status-publish","format-standard","has-post-thumbnail","hentry","category-destacado-nacional"],"jetpack_publicize_connections":[],"jetpack_sharing_enabled":true,"jetpack_featured_media_url":"https:\/\/portaltactica.com\/wp-content\/uploads\/2026\/09\/7-3.jpg","_links":{"self":[{"href":"https:\/\/portaltactica.com\/index.php?rest_route=\/wp\/v2\/posts\/108730","targetHints":{"allow":["GET"]}}],"collection":[{"href":"https:\/\/portaltactica.com\/index.php?rest_route=\/wp\/v2\/posts"}],"about":[{"href":"https:\/\/portaltactica.com\/index.php?rest_route=\/wp\/v2\/types\/post"}],"author":[{"embeddable":true,"href":"https:\/\/portaltactica.com\/index.php?rest_route=\/wp\/v2\/users\/2"}],"replies":[{"embeddable":true,"href":"https:\/\/portaltactica.com\/index.php?rest_route=%2Fwp%2Fv2%2Fcomments&post=108730"}],"version-history":[{"count":1,"href":"https:\/\/portaltactica.com\/index.php?rest_route=\/wp\/v2\/posts\/108730\/revisions"}],"predecessor-version":[{"id":108732,"href":"https:\/\/portaltactica.com\/index.php?rest_route=\/wp\/v2\/posts\/108730\/revisions\/108732"}],"wp:featuredmedia":[{"embeddable":true,"href":"https:\/\/portaltactica.com\/index.php?rest_route=\/wp\/v2\/media\/108731"}],"wp:attachment":[{"href":"https:\/\/portaltactica.com\/index.php?rest_route=%2Fwp%2Fv2%2Fmedia&parent=108730"}],"wp:term":[{"taxonomy":"category","embeddable":true,"href":"https:\/\/portaltactica.com\/index.php?rest_route=%2Fwp%2Fv2%2Fcategories&post=108730"},{"taxonomy":"post_tag","embeddable":true,"href":"https:\/\/portaltactica.com\/index.php?rest_route=%2Fwp%2Fv2%2Ftags&post=108730"}],"curies":[{"name":"wp","href":"https:\/\/api.w.org\/{rel}","templated":true}]}}