{"id":108709,"date":"2026-09-05T14:22:51","date_gmt":"2026-09-05T21:22:51","guid":{"rendered":"https:\/\/portaltactica.com\/?p=108709"},"modified":"2026-09-05T14:22:57","modified_gmt":"2026-09-05T21:22:57","slug":"lamine-yamal-toma-el-mando-sera-capitan-del-barcelona-para-2026-27","status":"publish","type":"post","link":"https:\/\/portaltactica.com\/?p=108709","title":{"rendered":"\u00a1Lamine Yamal toma el mando! Ser\u00e1 capit\u00e1n del Barcelona para 2026\/27"},"content":{"rendered":"\n<p class=\"wp-block-paragraph\">Una nueva era ha llegado a\u00a0<strong>Barcelona<\/strong>. Desde sus inicios en la\u00a0<strong>Mas\u00eda<\/strong>, hasta su debut en 2023,\u00a0<strong>Lamine Yamal<\/strong>\u00a0se ha convertido en una de las caras m\u00e1s importantes del club. Ahora, para la\u00a0<strong>temporada 2026\/27<\/strong>, el atacante Cul\u00e9 asumir\u00e1 una nueva responsabilidad, la capitan\u00eda del equipo.<\/p>\n\n\n\n<h2 class=\"wp-block-heading\">Nuevo Barcelona&nbsp;<\/h2>\n\n\n\n<p class=\"wp-block-paragraph\">Luego de tener el honor de portar el m\u00edtico dorsal \u201810\u2019 del Bar\u00e7a, Lamien sigue creando su propio legado, pues el equipo decidi\u00f3 darle el brazalete de capit\u00e1n para algunos partidos del equipo, siendo parte de un selecto grupo de jugadores que comandan al equipo en la temporada.<\/p>\n\n\n\n<p class=\"wp-block-paragraph\">Lamine no ser\u00e1 el primer capit\u00e1n, pero cuando este en cancha y la situaci\u00f3n lo requiera \u00e9l ser\u00e1 quien asuma el cargo, esto tras una votaci\u00f3n de sus propios compa\u00f1eros, aunado al voto de confianza de su estratega, el alem\u00e1n&nbsp;<strong>Hansi Flick<\/strong>.&nbsp;<\/p>\n\n\n\n<p class=\"wp-block-paragraph\">Con este nuevo cargo, el gran proyecto de la Mas\u00eda vuelve a dar un golpe en la mesa como uno de los futbolistas m\u00e1s importantes no solo de LaLiga, sino de todo el mundo, pues adem\u00e1s de ser uno de los goleadores y mejores futbolistas del Barcelona el a\u00f1o pasado, ahora tambi\u00e9n ser\u00e1 un nuevo l\u00edder.&nbsp;<\/p>\n\n\n\n<p class=\"wp-block-paragraph\">Con la decisi\u00f3n de Flick y compa\u00f1\u00eda, la inevitable comparaci\u00f3n entre \u00e9l y el astro argentino,&nbsp;<strong>Lionel Messi<\/strong>&nbsp;es inevitable. Con la designaci\u00f3n de capit\u00e1n, Yamal se convertir\u00e1 en el l\u00edder del equipo antes de lo que el propio Leo lo hizo.&nbsp;<\/p>\n\n\n\n<p class=\"wp-block-paragraph\">Lionel Messi debut\u00f3 con el primer equipo del FC Barcelona en el&nbsp;<strong>2004<\/strong>&nbsp;y fue nombrado como uno de los tres capitanes principales a partir del&nbsp;<strong>2014<\/strong>, sin embargo, antes del a\u00f1o del&nbsp;<strong>Mundial de Brasil<\/strong>&nbsp;ya hab\u00eda fungido como capit\u00e1n \u2018suelto\u2019 en partidos del club desde el&nbsp;<strong>2009<\/strong>, es decir,&nbsp;<strong>cinco a\u00f1os despu\u00e9s de su debut<\/strong>.<\/p>\n\n\n\n<h2 class=\"wp-block-heading\">\u00bfQui\u00e9nes son los otros capitanes del Bar\u00e7a?<\/h2>\n\n\n\n<p class=\"wp-block-paragraph\">Junto con la elecci\u00f3n de Lamien Yamal como un capit\u00e1n, Hansi Flick tambi\u00e9n escogi\u00f3 a sus fijos, los cuales ser\u00e1n&nbsp;<strong>Pedri y Raphinha<\/strong>, esto por el peso de ambos en cuanto a futbol y liderazgo dentro del campo en los \u00faltimos a\u00f1os. Adem\u00e1s de Lamine,&nbsp;<strong>Eric Garc\u00eda<\/strong>&nbsp;y&nbsp;<strong>Luke de Jong<\/strong>&nbsp;ser\u00e1n los otros capitanes designados.<\/p>\n\n\n\n<p class=\"wp-block-paragraph\">Con capitanes definidos y con la temporada ya iniciada, el Bar\u00e7a continuar\u00e1 en su camino rumbo al Tricampeonato de LaLiga, situaci\u00f3n que puede aprovechar desde la fecha cuatro, esto gracias a la derrota del&nbsp;<strong>Real Madrid<\/strong>&nbsp;ante el&nbsp;<strong>Betis<\/strong>, por lo que si el club Blaugrana derrota al Valencia, este se har\u00e1 del liderato.&nbsp;<\/p>\n<div class='share-to-whatsapp-wrapper'><div class='share-on-whsp'>Share on: <\/div><a data-text='\u00a1Lamine Yamal toma el mando! Ser\u00e1 capit\u00e1n del Barcelona para 2026\/27' data-link='https:\/\/portaltactica.com\/?p=108709' class='whatsapp-button whatsapp-share'>WhatsApp<\/a><div class='clear '><\/div><\/div>","protected":false},"excerpt":{"rendered":"<p>Una nueva era ha llegado a\u00a0Barcelona. Desde sus inicios en la\u00a0Mas\u00eda, hasta su debut en 2023,\u00a0Lamine Yamal\u00a0se ha convertido en una&hellip;<\/p>\n","protected":false},"author":2,"featured_media":108710,"comment_status":"closed","ping_status":"closed","sticky":false,"template":"","format":"standard","meta":{"advanced_seo_description":"","jetpack_seo_html_title":"","jetpack_seo_noindex":false,"jetpack_seo_schema_type":"","_jetpack_newsletter_access":"","_jetpack_dont_email_post_to_subs":false,"_jetpack_newsletter_tier_id":0,"_jetpack_memberships_contains_paywalled_content":false,"_jetpack_feature_clip_id":0,"_jetpack_memberships_contains_paid_content":false,"footnotes":"","jetpack_publicize_message":"","jetpack_publicize_feature_enabled":true,"jetpack_social_post_already_shared":true,"jetpack_social_options":{"image_generator_settings":{"template":"highway","default_image_id":0,"font":"","enabled":false},"version":2},"jetpack_post_was_ever_published":false},"categories":[1896],"tags":[],"class_list":["post-108709","post","type-post","status-publish","format-standard","has-post-thumbnail","hentry","category-destacado-portada"],"jetpack_publicize_connections":[],"jetpack_sharing_enabled":true,"jetpack_featured_media_url":"https:\/\/portaltactica.com\/wp-content\/uploads\/2026\/09\/1-3.jpg","_links":{"self":[{"href":"https:\/\/portaltactica.com\/index.php?rest_route=\/wp\/v2\/posts\/108709","targetHints":{"allow":["GET"]}}],"collection":[{"href":"https:\/\/portaltactica.com\/index.php?rest_route=\/wp\/v2\/posts"}],"about":[{"href":"https:\/\/portaltactica.com\/index.php?rest_route=\/wp\/v2\/types\/post"}],"author":[{"embeddable":true,"href":"https:\/\/portaltactica.com\/index.php?rest_route=\/wp\/v2\/users\/2"}],"replies":[{"embeddable":true,"href":"https:\/\/portaltactica.com\/index.php?rest_route=%2Fwp%2Fv2%2Fcomments&post=108709"}],"version-history":[{"count":1,"href":"https:\/\/portaltactica.com\/index.php?rest_route=\/wp\/v2\/posts\/108709\/revisions"}],"predecessor-version":[{"id":108711,"href":"https:\/\/portaltactica.com\/index.php?rest_route=\/wp\/v2\/posts\/108709\/revisions\/108711"}],"wp:featuredmedia":[{"embeddable":true,"href":"https:\/\/portaltactica.com\/index.php?rest_route=\/wp\/v2\/media\/108710"}],"wp:attachment":[{"href":"https:\/\/portaltactica.com\/index.php?rest_route=%2Fwp%2Fv2%2Fmedia&parent=108709"}],"wp:term":[{"taxonomy":"category","embeddable":true,"href":"https:\/\/portaltactica.com\/index.php?rest_route=%2Fwp%2Fv2%2Fcategories&post=108709"},{"taxonomy":"post_tag","embeddable":true,"href":"https:\/\/portaltactica.com\/index.php?rest_route=%2Fwp%2Fv2%2Ftags&post=108709"}],"curies":[{"name":"wp","href":"https:\/\/api.w.org\/{rel}","templated":true}]}}