{"id":108691,"date":"2026-09-04T13:02:20","date_gmt":"2026-09-04T20:02:20","guid":{"rendered":"https:\/\/portaltactica.com\/?p=108691"},"modified":"2026-09-04T13:02:25","modified_gmt":"2026-09-04T20:02:25","slug":"se-complica-el-futuro-de-obed-vargas-queda-fuera-del-atletico-y-pierde-cuatro-oportunidades-en-espana","status":"publish","type":"post","link":"https:\/\/portaltactica.com\/?p=108691","title":{"rendered":"Se complica el futuro de Obed Vargas: queda fuera del Atl\u00e9tico y pierde cuatro oportunidades en Espa\u00f1a"},"content":{"rendered":"\n<p class=\"wp-block-paragraph\">El mexicano&nbsp;<strong>Obed Vargas vive momentos de incertidumbre en el Atl\u00e9tico de Madrid<\/strong>&nbsp;despu\u00e9s de quedar&nbsp;<strong>fuera de la convocatoria del partido frente al Athletic Club<\/strong>, decisi\u00f3n que deja claras las intenciones de Diego Simeone.&nbsp;<\/p>\n\n\n\n<p class=\"wp-block-paragraph\">Con un mediocampo repleto de jugadores con mayor recorrido en el balompi\u00e9 europeo, el Cholo dif\u00edcilmente lo considerar\u00e1, lo que llev\u00f3 al club a\u00a0escuchar ofertas en el mercado de verano\u00a0sin que se pudiera avanzar en las que surgieron en Espa\u00f1a.<\/p>\n\n\n\n<p class=\"wp-block-paragraph\">El mundialista mexicano\u00a0ten\u00eda sobre la mesa algunas opciones\u00a0en el mercado ib\u00e9rico, aunque dos de ellas,\u00a0<strong>Celta y Sevilla<\/strong>, siempre estuvieron lejos de ir adelante, mientras que las del\u00a0<strong>Alav\u00e9s y la del Getafe<\/strong>\u00a0fueron las m\u00e1s realistas.\u00a0<\/p>\n\n\n\n<p class=\"wp-block-paragraph\">En el caso del Alav\u00e9s, sin embargo, su contrataci\u00f3n estuvo&nbsp;<strong>supeditada a la salida de Antonio Blanco del club<\/strong>, y al no darse no hubo posibilidad de ir adelante. En cuanto al Getafe, fue cuesti\u00f3n de presupuesto y de c\u00f3mo se arm\u00f3 al final el equipo, lo que evit\u00f3 un pr\u00e9stamo.&nbsp;&nbsp;<\/p>\n\n\n\n<p class=\"wp-block-paragraph\">Ante tal fracaso en las negociaciones, al d\u00eda de hoy s\u00f3lo quedan abiertos los mercados de&nbsp;<strong>Turqu\u00eda, Portugal y Grecia<\/strong>, aunque la otomana cierra este viernes, por lo que hab\u00eda que lograr un acuerdo expr\u00e9s.&nbsp;<\/p>\n\n\n\n<h2 class=\"wp-block-heading\">Aficionados preguntan el porqu\u00e9 de la ausencia<\/h2>\n\n\n\n<p class=\"wp-block-paragraph\">En la publicaci\u00f3n donde Atl\u00e9tico de Madrid dio a conocer la lista de convocados fueron m\u00faltiples los comentarios que se ligaron a la ausencia de Vargas y tambi\u00e9n a\u00a0la aparici\u00f3n de Juli\u00e1n \u00c1lvarez, a pesar de los recientes problemas con el club.\u00a0<\/p>\n\n\n\n<ul class=\"wp-block-list\">\n<li>&#8220;Lo de Obed es que lo vais a ceder, \u00bfno? Porque si no, no entiendo lo que est\u00e1is haciendo con el pobre chaval&#8221;.\u00a0<\/li>\n\n\n\n<li>&#8220;Tanto amor que Obed le tiene al Atleti\u2026 Si iban a pretender que no exist\u00eda al menos lo hubiera cedido&#8221;.\u00a0<\/li>\n\n\n\n<li>&#8220;Fuimos a rescatar a Kang In a Corea y dejasteis a Obed en su lugar&#8221;.<\/li>\n\n\n\n<li>&#8220;Cholo, \u00bfpara qu\u00e9 tienes a Obed?, es mejor que varios que llevas, pero como no es argentino&#8230;&#8221;.<\/li>\n\n\n\n<li>&#8220;Me jode mucho lo de Obed&#8221;.<\/li>\n<\/ul>\n\n\n\n<figure class=\"wp-block-embed is-type-rich is-provider-x wp-block-embed-x\"><div class=\"wp-block-embed__wrapper\">\n<div class=\"embed-x\"><blockquote class=\"twitter-tweet\" data-width=\"550\" data-dnt=\"true\"><p lang=\"es\" dir=\"ltr\">\u00a1Lista de convocados para viajar a Bilbao! \ud83d\udcaa\ud83c\udffc <a href=\"https:\/\/t.co\/hBWHNcIf3G\">pic.twitter.com\/hBWHNcIf3G<\/a><\/p>&mdash; Atl\u00e9tico de Madrid (@Atleti) <a href=\"https:\/\/x.com\/Atleti\/status\/2095901250801811847?ref_src=twsrc%5Etfw\">September 4, 2026<\/a><\/blockquote><script async src=\"https:\/\/platform.x.com\/widgets.js\" charset=\"utf-8\"><\/script><\/div>\n<\/div><\/figure>\n<div class='share-to-whatsapp-wrapper'><div class='share-on-whsp'>Share on: <\/div><a data-text='Se complica el futuro de Obed Vargas: queda fuera del Atl\u00e9tico y pierde cuatro oportunidades en Espa\u00f1a' data-link='https:\/\/portaltactica.com\/?p=108691' class='whatsapp-button whatsapp-share'>WhatsApp<\/a><div class='clear '><\/div><\/div>","protected":false},"excerpt":{"rendered":"<p>El mexicano&nbsp;Obed Vargas vive momentos de incertidumbre en el Atl\u00e9tico de Madrid&nbsp;despu\u00e9s de quedar&nbsp;fuera de la convocatoria del partido frente al&hellip;<\/p>\n","protected":false},"author":2,"featured_media":108692,"comment_status":"closed","ping_status":"closed","sticky":false,"template":"","format":"standard","meta":{"advanced_seo_description":"","jetpack_seo_html_title":"","jetpack_seo_noindex":false,"jetpack_seo_schema_type":"","_jetpack_newsletter_access":"","_jetpack_dont_email_post_to_subs":false,"_jetpack_newsletter_tier_id":0,"_jetpack_memberships_contains_paywalled_content":false,"_jetpack_feature_clip_id":0,"_jetpack_memberships_contains_paid_content":false,"footnotes":"","jetpack_publicize_message":"","jetpack_publicize_feature_enabled":true,"jetpack_social_post_already_shared":true,"jetpack_social_options":{"image_generator_settings":{"template":"highway","default_image_id":0,"font":"","enabled":false},"version":2},"jetpack_post_was_ever_published":false},"categories":[1898],"tags":[],"class_list":["post-108691","post","type-post","status-publish","format-standard","has-post-thumbnail","hentry","category-destacado-internacional"],"jetpack_publicize_connections":[],"jetpack_sharing_enabled":true,"jetpack_featured_media_url":"https:\/\/portaltactica.com\/wp-content\/uploads\/2026\/09\/2-3.jpg","_links":{"self":[{"href":"https:\/\/portaltactica.com\/index.php?rest_route=\/wp\/v2\/posts\/108691","targetHints":{"allow":["GET"]}}],"collection":[{"href":"https:\/\/portaltactica.com\/index.php?rest_route=\/wp\/v2\/posts"}],"about":[{"href":"https:\/\/portaltactica.com\/index.php?rest_route=\/wp\/v2\/types\/post"}],"author":[{"embeddable":true,"href":"https:\/\/portaltactica.com\/index.php?rest_route=\/wp\/v2\/users\/2"}],"replies":[{"embeddable":true,"href":"https:\/\/portaltactica.com\/index.php?rest_route=%2Fwp%2Fv2%2Fcomments&post=108691"}],"version-history":[{"count":1,"href":"https:\/\/portaltactica.com\/index.php?rest_route=\/wp\/v2\/posts\/108691\/revisions"}],"predecessor-version":[{"id":108693,"href":"https:\/\/portaltactica.com\/index.php?rest_route=\/wp\/v2\/posts\/108691\/revisions\/108693"}],"wp:featuredmedia":[{"embeddable":true,"href":"https:\/\/portaltactica.com\/index.php?rest_route=\/wp\/v2\/media\/108692"}],"wp:attachment":[{"href":"https:\/\/portaltactica.com\/index.php?rest_route=%2Fwp%2Fv2%2Fmedia&parent=108691"}],"wp:term":[{"taxonomy":"category","embeddable":true,"href":"https:\/\/portaltactica.com\/index.php?rest_route=%2Fwp%2Fv2%2Fcategories&post=108691"},{"taxonomy":"post_tag","embeddable":true,"href":"https:\/\/portaltactica.com\/index.php?rest_route=%2Fwp%2Fv2%2Ftags&post=108691"}],"curies":[{"name":"wp","href":"https:\/\/api.w.org\/{rel}","templated":true}]}}