{"id":108685,"date":"2026-09-03T17:39:54","date_gmt":"2026-09-04T00:39:54","guid":{"rendered":"https:\/\/portaltactica.com\/?p=108685"},"modified":"2026-09-03T17:39:54","modified_gmt":"2026-09-04T00:39:54","slug":"llaman-a-cuatro-mazatlecos-al-nacional-de-bola-rapida-de-softbol","status":"publish","type":"post","link":"https:\/\/portaltactica.com\/?p=108685","title":{"rendered":"Llaman a cuatro mazatlecos al Nacional de Bola R\u00e1pida de Softbol"},"content":{"rendered":"\n<p class=\"wp-block-paragraph\">Representar\u00e1n a Sinaloa en el campeonato que se realizar\u00e1 en Monterrey, Nuevo Le\u00f3n, en la categor\u00eda Sub 18.<\/p>\n\n\n\n<p class=\"wp-block-paragraph\">Mazatl\u00e1n, Sinaloa a 3 de septiembre de 2026.- El desarrollo del Softbol en Mazatl\u00e1n est\u00e1 rindiendo frutos y prueba de ello es que cuatro sofbolistas de la selecci\u00f3n varonil fueron llamados a conformar la delegaci\u00f3n de Sinaloa que competir\u00e1 en el Campenato Nacional de Bola R\u00e1pida Sub 18, que se realizar\u00e1 en Monterrey, Nuevo Le\u00f3n, del 10 al 13 de septiembre.<\/p>\n\n\n\n<p class=\"wp-block-paragraph\">Karime Victoria Flores Perales, entrenadora de Ricardo Vald\u00e9s Rodr\u00edguez, Abraham Israel Viera Le\u00f3n, V\u00edctor Hugo Nava Galicia y Cristhofer Joel Vega Rodr\u00edguez, destac\u00f3 el compromiso de los muchachos y se sinti\u00f3 positiva del desarrollo de la disciplina en categor\u00edas infantiles y juveniles.<\/p>\n\n\n\n<p class=\"wp-block-paragraph\">&#8220;Me siento muy contenta y orgullosa de que cuatro de los ni\u00f1os de Selecci\u00f3n Mazatl\u00e1n representar\u00e1n a Sinaloa; quiero agradecer a los cuatro por ser parte de su proceso y por demostrarme que cuando se trabaja con disciplina, dedicaci\u00f3n y coraz\u00f3n, los sue\u00f1os se pueden cumplir&#8221;, expres\u00f3 Flores Perales.<\/p>\n\n\n\n<p class=\"wp-block-paragraph\">La entrenadora destac\u00f3 el esfuerzo, las ense\u00f1anzas aprendidas y las experiencias compartidas con todo el grupo de sofbolistas con los que trabaja; ahora que los entrenamientos comienzan a dar frutos, no dud\u00f3 en se\u00f1alar que m\u00e1s j\u00f3venes puedan ser llamados a Selecci\u00f3n Sinaloa y, porque no, a Selecci\u00f3n Mexicana.<\/p>\n\n\n\n<p class=\"wp-block-paragraph\">Cabe destacar que el Gobierno de Mazatl\u00e1n, encabezado por la Presidenta Municipal provisional, Minerva Osuna Zavala, a trav\u00e9s del Instituto Municipal del Deporte, que dirige Ezequiel Mora Bracamontes, ha apoyado el desarrollo del sofbol tanto en la zona urbana como rural del municipio, por lo que es grato saber que el jugador Vald\u00e9s Rodr\u00edguez, proveniente de la s\u00edndicatura de El Roble, tambi\u00e9n pondr\u00e1 en alto a la &#8220;Perla del Pac\u00edfico&#8221; en la capital neoleonesa.<\/p>\n<div class='share-to-whatsapp-wrapper'><div class='share-on-whsp'>Share on: <\/div><a data-text='Llaman a cuatro mazatlecos al Nacional de Bola R\u00e1pida de Softbol' data-link='https:\/\/portaltactica.com\/?p=108685' class='whatsapp-button whatsapp-share'>WhatsApp<\/a><div class='clear '><\/div><\/div>","protected":false},"excerpt":{"rendered":"<p>Representar\u00e1n a Sinaloa en el campeonato que se realizar\u00e1 en Monterrey, Nuevo Le\u00f3n, en la categor\u00eda Sub 18. Mazatl\u00e1n, Sinaloa a&hellip;<\/p>\n","protected":false},"author":1,"featured_media":108684,"comment_status":"","ping_status":"","sticky":false,"template":"","format":"standard","meta":{"advanced_seo_description":"","jetpack_seo_html_title":"","jetpack_seo_noindex":false,"jetpack_seo_schema_type":"","_jetpack_newsletter_access":"","_jetpack_dont_email_post_to_subs":false,"_jetpack_newsletter_tier_id":0,"_jetpack_memberships_contains_paywalled_content":false,"_jetpack_feature_clip_id":0,"_jetpack_memberships_contains_paid_content":false,"footnotes":"","jetpack_publicize_message":"","jetpack_publicize_feature_enabled":true,"jetpack_social_post_already_shared":true,"jetpack_social_options":{"image_generator_settings":{"template":"highway","default_image_id":0,"font":"","enabled":false},"version":2},"jetpack_post_was_ever_published":false},"categories":[1899],"tags":[37],"class_list":["post-108685","post","type-post","status-publish","format-standard","has-post-thumbnail","hentry","category-destacado-mazatlan","tag-imdem"],"jetpack_publicize_connections":[],"jetpack_sharing_enabled":true,"jetpack_featured_media_url":"https:\/\/portaltactica.com\/wp-content\/uploads\/2026\/09\/fc4ac387-d7db-42fc-82ac-8d148c02800a.jpg","_links":{"self":[{"href":"https:\/\/portaltactica.com\/index.php?rest_route=\/wp\/v2\/posts\/108685","targetHints":{"allow":["GET"]}}],"collection":[{"href":"https:\/\/portaltactica.com\/index.php?rest_route=\/wp\/v2\/posts"}],"about":[{"href":"https:\/\/portaltactica.com\/index.php?rest_route=\/wp\/v2\/types\/post"}],"author":[{"embeddable":true,"href":"https:\/\/portaltactica.com\/index.php?rest_route=\/wp\/v2\/users\/1"}],"replies":[{"embeddable":true,"href":"https:\/\/portaltactica.com\/index.php?rest_route=%2Fwp%2Fv2%2Fcomments&post=108685"}],"version-history":[{"count":0,"href":"https:\/\/portaltactica.com\/index.php?rest_route=\/wp\/v2\/posts\/108685\/revisions"}],"wp:featuredmedia":[{"embeddable":true,"href":"https:\/\/portaltactica.com\/index.php?rest_route=\/wp\/v2\/media\/108684"}],"wp:attachment":[{"href":"https:\/\/portaltactica.com\/index.php?rest_route=%2Fwp%2Fv2%2Fmedia&parent=108685"}],"wp:term":[{"taxonomy":"category","embeddable":true,"href":"https:\/\/portaltactica.com\/index.php?rest_route=%2Fwp%2Fv2%2Fcategories&post=108685"},{"taxonomy":"post_tag","embeddable":true,"href":"https:\/\/portaltactica.com\/index.php?rest_route=%2Fwp%2Fv2%2Ftags&post=108685"}],"curies":[{"name":"wp","href":"https:\/\/api.w.org\/{rel}","templated":true}]}}