{"id":108681,"date":"2026-09-03T13:35:59","date_gmt":"2026-09-03T20:35:59","guid":{"rendered":"https:\/\/portaltactica.com\/?p=108681"},"modified":"2026-09-03T13:35:59","modified_gmt":"2026-09-03T20:35:59","slug":"anuncian-en-gran-acuario-mazatlan-el-evento-womens-care-yoga-oceanos-y-meditacion-para-la-prevencion-del-cancer-de-mama","status":"publish","type":"post","link":"https:\/\/portaltactica.com\/?p=108681","title":{"rendered":"Anuncian en Gran Acuario Mazatl\u00e1n el evento \u201cWomen\u2019s Care: Yoga, Oc\u00e9anos y Meditaci\u00f3n\u201d para la prevenci\u00f3n del c\u00e1ncer de mama"},"content":{"rendered":"\n<p class=\"wp-block-paragraph\">El evento organizado en el marco por el D\u00eda Mundial de la Prevenci\u00f3n del C\u00e1ncer de Mama se realizar\u00e1 el s\u00e1bado 17 de octubre, de las 7:00 a las 14:00 horas, en el Sal\u00f3n Oce\u00e1nica del Gran Acuario Mazatl\u00e1n.<\/p>\n\n\n\n<p class=\"wp-block-paragraph\">Mazatl\u00e1n, Sinaloa a 3 de septiembre de 2026.- Con el objetivo de promover el bienestar integral y la prevenci\u00f3n del c\u00e1ncer de mama desde un enfoque de salud, gesti\u00f3n del estr\u00e9s y conexi\u00f3n con el mar, fue anunciado el evento Women\u2019s Care: Yoga, Oc\u00e9anos y Meditaci\u00f3n, que se realizar\u00e1 el s\u00e1bado 17 de octubre, de las 7:00 a las 14:00 horas, en el Sal\u00f3n Oce\u00e1nica del Gran Acuario Mazatl\u00e1n.<\/p>\n\n\n\n<p class=\"wp-block-paragraph\">En representaci\u00f3n de la Presidenta Municipal provisional, Minerva Osuna Zavala, la directora del Instituto Municipal de las Mujeres, Ana Marcela Herrera L\u00f3pez, asisti\u00f3 a la presentaci\u00f3n del evento organizado por Karina B\u00e1rcena Vega, fundadora de Kirana Yoga, quien cont\u00f3 con el respaldo de Teresa Letamendi Patr\u00f3n, gerente de desarrollo comercial de Gran Acuario Mazatl\u00e1n Mar de Cort\u00e9s, y Michelle Aguilar Ramos, subsecretaria de Promoci\u00f3n y Operaci\u00f3n Tur\u00edstica, para seguir impulsando la iniciativa que cumple 17 a\u00f1os realiz\u00e1ndose en Mazatl\u00e1n.<\/p>\n\n\n\n<p class=\"wp-block-paragraph\">&#8220;Reconocemos totalmente la importancia de hablar sobre la prevenci\u00f3n y la detecci\u00f3n oportuna referente al c\u00e1ncer de mama y sobre todo de cuidarnos, as\u00ed que hagamos nuestras revisiones. Recordemos que cuidarnos es un acto de amor hacia nosotras&#8221;, expres\u00f3.<\/p>\n\n\n\n<p class=\"wp-block-paragraph\">&#8220;A las mujeres que hoy enfrentan esta enfermedad les decimos que no est\u00e1n solas. Detr\u00e1s de cada mujer hay una historia de valent\u00eda, de esperanza, de lucha y como instituci\u00f3n seguiremos impulsando todas las acciones para acompa\u00f1ar y generar la consciencia&#8221;.<\/p>\n\n\n\n<p class=\"wp-block-paragraph\">B\u00e1rcena Vega explic\u00f3 que la propuesta que nace de la psiconeuroinmunoendocrinolog\u00eda y busca ense\u00f1ar c\u00f3mo el estr\u00e9s cr\u00f3nico, la mala alimentaci\u00f3n y las emociones no gestionadas impactan directamente en la salud femenina, destinar\u00e1 un porcentaje de lo recaudado al tejido de pelucas oncol\u00f3gicas.<\/p>\n\n\n\n<p class=\"wp-block-paragraph\">La organizadora del Women\u2019s Care destac\u00f3 que el Sal\u00f3n Oce\u00e1nica ofrecer\u00e1 una experiencia inmersiva \u00fanica, como estar bajo el mar, que adem\u00e1s incluye shot de bienvenida de vitalidad con microgreens, barra de hidrataci\u00f3n, la conferencia \u201cEmociones en equilibrio, salud femenina en plenitud\u201d con Alin Torrero, adem\u00e1s de una m\u00e1ster class de yoga para la prevenci\u00f3n y para la recuperaci\u00f3n del c\u00e1ncer de mama, meditaci\u00f3n guiada \u201cEl valor de la vida\u201d, as\u00ed.como el concierto calming con Jazm\u00edn Mendiz\u00e1bal &#8220;Handpan, Armonia y Mantras&#8221;, foto grupal y visita guiada por el Gran Acuario Mazatl\u00e1n, una playera conmemorativa y regalos de patrocinadores<\/p>\n\n\n\n<p class=\"wp-block-paragraph\">El costo de inversi\u00f3n personal, indic\u00f3, es de 850 pesos, con precio especial para patrocinadores y pronto pago de 799 pesos.<\/p>\n\n\n\n<p class=\"wp-block-paragraph\">El evento cuenta con el respaldo del Gran Acuario Mazatl\u00e1n, considerado por la organizaci\u00f3n como uno de los m\u00e1s bellos del pa\u00eds, y busca consolidarse como un referente de bienestar a nivel nacional e internacional.<\/p>\n\n\n\n<p class=\"wp-block-paragraph\">En la rueda de prensa realizada en Gran Acuario Mazatl\u00e1n, tambi\u00e9n estuvieron presentes, Estefan\u00eda Mart\u00ednez Jacques, encargada de Relaciones P\u00fablicas del Imdem, en representaci\u00f3n del director del Instituto Municipal del Deporte Mazatl\u00e1n, Ezequiel Mora Bracamontes, Viridiana Mart\u00ednez, representante de Canaco Mazatl\u00e1n, entre otras personalidades.<\/p>\n<div class='share-to-whatsapp-wrapper'><div class='share-on-whsp'>Share on: <\/div><a data-text='Anuncian en Gran Acuario Mazatl\u00e1n el evento \u201cWomen\u2019s Care: Yoga, Oc\u00e9anos y Meditaci\u00f3n\u201d para la prevenci\u00f3n del c\u00e1ncer de mama' data-link='https:\/\/portaltactica.com\/?p=108681' class='whatsapp-button whatsapp-share'>WhatsApp<\/a><div class='clear '><\/div><\/div>","protected":false},"excerpt":{"rendered":"<p>El evento organizado en el marco por el D\u00eda Mundial de la Prevenci\u00f3n del C\u00e1ncer de Mama se realizar\u00e1 el s\u00e1bado&hellip;<\/p>\n","protected":false},"author":1,"featured_media":108680,"comment_status":"","ping_status":"","sticky":false,"template":"","format":"standard","meta":{"advanced_seo_description":"","jetpack_seo_html_title":"","jetpack_seo_noindex":false,"jetpack_seo_schema_type":"","_jetpack_newsletter_access":"","_jetpack_dont_email_post_to_subs":false,"_jetpack_newsletter_tier_id":0,"_jetpack_memberships_contains_paywalled_content":false,"_jetpack_feature_clip_id":0,"_jetpack_memberships_contains_paid_content":false,"footnotes":"","jetpack_publicize_message":"","jetpack_publicize_feature_enabled":true,"jetpack_social_post_already_shared":true,"jetpack_social_options":{"image_generator_settings":{"template":"highway","default_image_id":0,"font":"","enabled":false},"version":2},"jetpack_post_was_ever_published":false},"categories":[1899],"tags":[37],"class_list":["post-108681","post","type-post","status-publish","format-standard","has-post-thumbnail","hentry","category-destacado-mazatlan","tag-imdem"],"jetpack_publicize_connections":[],"jetpack_sharing_enabled":true,"jetpack_featured_media_url":"https:\/\/portaltactica.com\/wp-content\/uploads\/2026\/09\/13683473-f11e-42cc-9fd9-e76cef32dfb7.jpg","_links":{"self":[{"href":"https:\/\/portaltactica.com\/index.php?rest_route=\/wp\/v2\/posts\/108681","targetHints":{"allow":["GET"]}}],"collection":[{"href":"https:\/\/portaltactica.com\/index.php?rest_route=\/wp\/v2\/posts"}],"about":[{"href":"https:\/\/portaltactica.com\/index.php?rest_route=\/wp\/v2\/types\/post"}],"author":[{"embeddable":true,"href":"https:\/\/portaltactica.com\/index.php?rest_route=\/wp\/v2\/users\/1"}],"replies":[{"embeddable":true,"href":"https:\/\/portaltactica.com\/index.php?rest_route=%2Fwp%2Fv2%2Fcomments&post=108681"}],"version-history":[{"count":0,"href":"https:\/\/portaltactica.com\/index.php?rest_route=\/wp\/v2\/posts\/108681\/revisions"}],"wp:featuredmedia":[{"embeddable":true,"href":"https:\/\/portaltactica.com\/index.php?rest_route=\/wp\/v2\/media\/108680"}],"wp:attachment":[{"href":"https:\/\/portaltactica.com\/index.php?rest_route=%2Fwp%2Fv2%2Fmedia&parent=108681"}],"wp:term":[{"taxonomy":"category","embeddable":true,"href":"https:\/\/portaltactica.com\/index.php?rest_route=%2Fwp%2Fv2%2Fcategories&post=108681"},{"taxonomy":"post_tag","embeddable":true,"href":"https:\/\/portaltactica.com\/index.php?rest_route=%2Fwp%2Fv2%2Ftags&post=108681"}],"curies":[{"name":"wp","href":"https:\/\/api.w.org\/{rel}","templated":true}]}}