{"id":108671,"date":"2026-09-03T13:19:36","date_gmt":"2026-09-03T20:19:36","guid":{"rendered":"https:\/\/portaltactica.com\/?p=108671"},"modified":"2026-09-03T13:19:46","modified_gmt":"2026-09-03T20:19:46","slug":"lautaro-martinez-confirma-interes-del-barcelona-pero-deja-claro-su-compromiso-con-el-inter","status":"publish","type":"post","link":"https:\/\/portaltactica.com\/?p=108671","title":{"rendered":"Lautaro Mart\u00ednez confirma inter\u00e9s del Barcelona pero deja claro su compromiso con el Inter"},"content":{"rendered":"\n<p class=\"wp-block-paragraph\">El delantero argentino,\u00a0<strong>Lautaro Mart\u00ednez<\/strong>, ha puesto fin a las especulaciones que marcaron el \u00faltimo mercado de fichajes. Durante un evento, el atacante confirm\u00f3 que el\u00a0<strong>Barcelona\u00a0<\/strong>se interes\u00f3 en sus servicios, pero dej\u00f3 claro que su presente y futuro est\u00e1n ligados al\u00a0<strong>Inter de Mil\u00e1n<\/strong>.<\/p>\n\n\n\n<p class=\"wp-block-paragraph\">El club catal\u00e1n, en su b\u00fasqueda por reforzar la delantera, hab\u00eda puesto sus ojos en Mart\u00ednez, especialmente tras la negativa del Atl\u00e9tico de Madrid a negociar por Juli\u00e1n \u00c1lvarez.<\/p>\n\n\n\n<p class=\"wp-block-paragraph\">Sin embargo, la directiva del Inter se mantuvo firme en su decisi\u00f3n de no desprenderse de su capit\u00e1n, una postura que ahora el propio jugador ha respaldado p\u00fablicamente.<\/p>\n\n\n\n<p class=\"wp-block-paragraph\">En una entrevista con Sky Italia, el &#8220;Toro&#8221; abord\u00f3 los rumores por primera vez. &#8220;Recibir estas ofertas siempre es un halago porque uno trabaja para mantenerse en lo m\u00e1s alto del futbol. Los rumores eran ciertos&#8221;, admiti\u00f3.<\/p>\n\n\n\n<p class=\"wp-block-paragraph\">A pesar de la tentadora oferta, el campe\u00f3n del mundo fue categ\u00f3rico sobre su deseo de permanecer en Mil\u00e1n. &#8220;Siempre he dicho que quiero quedarme en el Inter, junto a mis compa\u00f1eros y a nuestra afici\u00f3n. Mientras ellos me quieran, me quedar\u00e9 en este club&#8221;, afirm\u00f3.<\/p>\n\n\n\n<p class=\"wp-block-paragraph\">&#8220;Estar en el Inter es un orgullo, soy feliz. Quiero quedarme aqu\u00ed y luchar cada d\u00eda por seguir creciendo y peleando por los grandes t\u00edtulos&#8221;, concluy\u00f3.<\/p>\n<div class='share-to-whatsapp-wrapper'><div class='share-on-whsp'>Share on: <\/div><a data-text='Lautaro Mart\u00ednez confirma inter\u00e9s del Barcelona pero deja claro su compromiso con el Inter' data-link='https:\/\/portaltactica.com\/?p=108671' class='whatsapp-button whatsapp-share'>WhatsApp<\/a><div class='clear '><\/div><\/div>","protected":false},"excerpt":{"rendered":"<p>El delantero argentino,\u00a0Lautaro Mart\u00ednez, ha puesto fin a las especulaciones que marcaron el \u00faltimo mercado de fichajes. Durante un evento, el&hellip;<\/p>\n","protected":false},"author":2,"featured_media":108672,"comment_status":"closed","ping_status":"closed","sticky":false,"template":"","format":"standard","meta":{"advanced_seo_description":"","jetpack_seo_html_title":"","jetpack_seo_noindex":false,"jetpack_seo_schema_type":"","_jetpack_newsletter_access":"","_jetpack_dont_email_post_to_subs":false,"_jetpack_newsletter_tier_id":0,"_jetpack_memberships_contains_paywalled_content":false,"_jetpack_feature_clip_id":0,"_jetpack_memberships_contains_paid_content":false,"footnotes":"","jetpack_publicize_message":"","jetpack_publicize_feature_enabled":true,"jetpack_social_post_already_shared":true,"jetpack_social_options":{"image_generator_settings":{"template":"highway","default_image_id":0,"font":"","enabled":false},"version":2},"jetpack_post_was_ever_published":false},"categories":[1896],"tags":[],"class_list":["post-108671","post","type-post","status-publish","format-standard","has-post-thumbnail","hentry","category-destacado-portada"],"jetpack_publicize_connections":[],"jetpack_sharing_enabled":true,"jetpack_featured_media_url":"https:\/\/portaltactica.com\/wp-content\/uploads\/2026\/09\/12.jpg","_links":{"self":[{"href":"https:\/\/portaltactica.com\/index.php?rest_route=\/wp\/v2\/posts\/108671","targetHints":{"allow":["GET"]}}],"collection":[{"href":"https:\/\/portaltactica.com\/index.php?rest_route=\/wp\/v2\/posts"}],"about":[{"href":"https:\/\/portaltactica.com\/index.php?rest_route=\/wp\/v2\/types\/post"}],"author":[{"embeddable":true,"href":"https:\/\/portaltactica.com\/index.php?rest_route=\/wp\/v2\/users\/2"}],"replies":[{"embeddable":true,"href":"https:\/\/portaltactica.com\/index.php?rest_route=%2Fwp%2Fv2%2Fcomments&post=108671"}],"version-history":[{"count":1,"href":"https:\/\/portaltactica.com\/index.php?rest_route=\/wp\/v2\/posts\/108671\/revisions"}],"predecessor-version":[{"id":108673,"href":"https:\/\/portaltactica.com\/index.php?rest_route=\/wp\/v2\/posts\/108671\/revisions\/108673"}],"wp:featuredmedia":[{"embeddable":true,"href":"https:\/\/portaltactica.com\/index.php?rest_route=\/wp\/v2\/media\/108672"}],"wp:attachment":[{"href":"https:\/\/portaltactica.com\/index.php?rest_route=%2Fwp%2Fv2%2Fmedia&parent=108671"}],"wp:term":[{"taxonomy":"category","embeddable":true,"href":"https:\/\/portaltactica.com\/index.php?rest_route=%2Fwp%2Fv2%2Fcategories&post=108671"},{"taxonomy":"post_tag","embeddable":true,"href":"https:\/\/portaltactica.com\/index.php?rest_route=%2Fwp%2Fv2%2Ftags&post=108671"}],"curies":[{"name":"wp","href":"https:\/\/api.w.org\/{rel}","templated":true}]}}