{"id":108667,"date":"2026-09-03T13:13:18","date_gmt":"2026-09-03T20:13:18","guid":{"rendered":"https:\/\/portaltactica.com\/?p=108667"},"modified":"2026-09-03T13:13:24","modified_gmt":"2026-09-03T20:13:24","slug":"adios-a-la-roja-marcos-llorente-anuncia-su-retiro-tras-levantar-la-copa-del-mundo","status":"publish","type":"post","link":"https:\/\/portaltactica.com\/?p=108667","title":{"rendered":"\u00a1Adi\u00f3s a La Roja! Marcos Llorente anuncia su retiro tras levantar la Copa del Mundo"},"content":{"rendered":"\n<p class=\"wp-block-paragraph\"><strong>Marcos Llorente<\/strong>, jugador del\u00a0<strong>Atl\u00e9tico de Madrid<\/strong>\u00a0y seleccionado espa\u00f1ol, poste\u00f3 un mensaje en redes sociales donde se retira del combinado espa\u00f1ol tras quedar Campe\u00f3n de la\u00a0<strong>Copa del Mundo 2026<\/strong>\u00a0ante\u00a0<strong>Argentina<\/strong>.<\/p>\n\n\n\n<p class=\"wp-block-paragraph\">El mediocampista espa\u00f1ol habr\u00eda defendido la camiseta espa\u00f1ola por \u00faltima vez en la pasada justa mundialista, por lo que, se retirar\u00eda con el trofeo m\u00e1s importante a nivel internacional y en uno de los mejores clubes de\u00a0<strong>Espa\u00f1a<\/strong>.<\/p>\n\n\n\n<figure class=\"wp-block-embed is-provider-instagram wp-block-embed-instagram\"><div class=\"wp-block-embed__wrapper\">\nhttps:\/\/www.instagram.com\/marcosllorente\n<\/div><\/figure>\n\n\n\n<p class=\"wp-block-paragraph\"><strong>Llorente\u00a0<\/strong>debut\u00f3 con\u00a0<strong>Espa\u00f1a\u00a0<\/strong>en 2020 cuando los dirig\u00eda en ese entonces el actual t\u00e9cnico del\u00a0<strong>Paris-Saint Germain<\/strong>,\u00a0<strong>Luis Enrique<\/strong>, esto lo llevo a ser considerado por\u00a0<strong>Luis de la Fuente<\/strong>\u00a0para la\u00a0<strong>Copa del Mundo 2026<\/strong>.<\/p>\n\n\n\n<p class=\"wp-block-paragraph\">Ahora, con la tranquilidad de haber tocado la gloria en el torneo de selecciones m\u00e1s prestigioso del planeta, el futbolista enfocar\u00e1 toda su energ\u00eda y experiencia en los retos con el conjunto colchonero, donde sigue siendo un pilar fundamental bajo las \u00f3rdenes de&nbsp;<strong>Diego Simeone<\/strong>.<\/p>\n\n\n\n<h2 class=\"wp-block-heading\">\u00bfCu\u00e1les fueron las estad\u00edsticas de Marcos Llorente con la Selecci\u00f3n de Espa\u00f1a?<\/h2>\n\n\n\n<p class=\"wp-block-paragraph\">El mediocampista colchonero&nbsp;<strong>disput\u00f3 27 encuentros<\/strong>&nbsp;con el combinado europeo, en donde no&nbsp;<strong>anot\u00f3 ning\u00fan gol<\/strong>; sin embargo, aport\u00f3 dos asistencias y una polivalencia en el campo que le vali\u00f3 para hacerse de un puesto indispensable.<\/p>\n<div class='share-to-whatsapp-wrapper'><div class='share-on-whsp'>Share on: <\/div><a data-text='\u00a1Adi\u00f3s a La Roja! Marcos Llorente anuncia su retiro tras levantar la Copa del Mundo' data-link='https:\/\/portaltactica.com\/?p=108667' class='whatsapp-button whatsapp-share'>WhatsApp<\/a><div class='clear '><\/div><\/div>","protected":false},"excerpt":{"rendered":"<p>Marcos Llorente, jugador del\u00a0Atl\u00e9tico de Madrid\u00a0y seleccionado espa\u00f1ol, poste\u00f3 un mensaje en redes sociales donde se retira del combinado espa\u00f1ol tras&hellip;<\/p>\n","protected":false},"author":2,"featured_media":108668,"comment_status":"closed","ping_status":"closed","sticky":false,"template":"","format":"standard","meta":{"advanced_seo_description":"","jetpack_seo_html_title":"","jetpack_seo_noindex":false,"jetpack_seo_schema_type":"","_jetpack_newsletter_access":"","_jetpack_dont_email_post_to_subs":false,"_jetpack_newsletter_tier_id":0,"_jetpack_memberships_contains_paywalled_content":false,"_jetpack_feature_clip_id":0,"_jetpack_memberships_contains_paid_content":false,"footnotes":"","jetpack_publicize_message":"","jetpack_publicize_feature_enabled":true,"jetpack_social_post_already_shared":true,"jetpack_social_options":{"image_generator_settings":{"template":"highway","default_image_id":0,"font":"","enabled":false},"version":2},"jetpack_post_was_ever_published":false},"categories":[1898],"tags":[],"class_list":["post-108667","post","type-post","status-publish","format-standard","has-post-thumbnail","hentry","category-destacado-internacional"],"jetpack_publicize_connections":[],"jetpack_sharing_enabled":true,"jetpack_featured_media_url":"https:\/\/portaltactica.com\/wp-content\/uploads\/2026\/09\/11-1.jpg","_links":{"self":[{"href":"https:\/\/portaltactica.com\/index.php?rest_route=\/wp\/v2\/posts\/108667","targetHints":{"allow":["GET"]}}],"collection":[{"href":"https:\/\/portaltactica.com\/index.php?rest_route=\/wp\/v2\/posts"}],"about":[{"href":"https:\/\/portaltactica.com\/index.php?rest_route=\/wp\/v2\/types\/post"}],"author":[{"embeddable":true,"href":"https:\/\/portaltactica.com\/index.php?rest_route=\/wp\/v2\/users\/2"}],"replies":[{"embeddable":true,"href":"https:\/\/portaltactica.com\/index.php?rest_route=%2Fwp%2Fv2%2Fcomments&post=108667"}],"version-history":[{"count":1,"href":"https:\/\/portaltactica.com\/index.php?rest_route=\/wp\/v2\/posts\/108667\/revisions"}],"predecessor-version":[{"id":108669,"href":"https:\/\/portaltactica.com\/index.php?rest_route=\/wp\/v2\/posts\/108667\/revisions\/108669"}],"wp:featuredmedia":[{"embeddable":true,"href":"https:\/\/portaltactica.com\/index.php?rest_route=\/wp\/v2\/media\/108668"}],"wp:attachment":[{"href":"https:\/\/portaltactica.com\/index.php?rest_route=%2Fwp%2Fv2%2Fmedia&parent=108667"}],"wp:term":[{"taxonomy":"category","embeddable":true,"href":"https:\/\/portaltactica.com\/index.php?rest_route=%2Fwp%2Fv2%2Fcategories&post=108667"},{"taxonomy":"post_tag","embeddable":true,"href":"https:\/\/portaltactica.com\/index.php?rest_route=%2Fwp%2Fv2%2Ftags&post=108667"}],"curies":[{"name":"wp","href":"https:\/\/api.w.org\/{rel}","templated":true}]}}