{"id":108664,"date":"2026-09-03T13:07:44","date_gmt":"2026-09-03T20:07:44","guid":{"rendered":"https:\/\/portaltactica.com\/?p=108664"},"modified":"2026-09-03T13:07:44","modified_gmt":"2026-09-03T20:07:44","slug":"ya-esta-en-espana-sebastian-caceres-se-incorpora-al-celta-de-vigo","status":"publish","type":"post","link":"https:\/\/portaltactica.com\/?p=108664","title":{"rendered":"\u00a1Ya est\u00e1 en Espa\u00f1a! Sebasti\u00e1n C\u00e1ceres se incorpora al Celta de Vigo"},"content":{"rendered":"\n<p class=\"wp-block-paragraph\">El internacional uruguayo\u00a0<strong>Sebasti\u00e1n C\u00e1ceres<\/strong>\u00a0lleg\u00f3 este jueves a Vigo para someterse al\u00a0<strong>reconocimiento m\u00e9dico con el Celta<\/strong>, con el que firmar\u00e1 un\u00a0<strong>contrato hasta junio de 2030<\/strong>\u00a0en caso de superarlo.<\/p>\n\n\n\n<p class=\"wp-block-paragraph\">El defensa central, de 27 a\u00f1os, vivir\u00e1&nbsp;<strong>su primera experiencia en el futbol espa\u00f1ol&nbsp;<\/strong>despu\u00e9s de seis temporadas y media en el&nbsp;<strong>Club Am\u00e9rica<\/strong>.<\/p>\n\n\n\n<h2 class=\"wp-block-heading\">Una baja sensible para Am\u00e9rica<\/h2>\n\n\n\n<p class=\"wp-block-paragraph\">Con las<strong>\u00a0\u00c1guilas del Am\u00e9rica<\/strong>,<strong>\u00a0C\u00e1ceres super\u00f3 los 200 partidos oficiales<\/strong>\u00a0y\u00a0<strong>conquist\u00f3 tres Ligas MX consecutivas<\/strong>, un t\u00edtulo de Campe\u00f3n de Campeones y la &#8216;Campeones Cup&#8217;.<\/p>\n\n\n\n<p class=\"wp-block-paragraph\">Ahora el Celta le da la bienvenida mediante sus redes sociales y lo fueron a recibir al aeropuerto; adem\u00e1s, se\u00f1alan que&nbsp;<strong>el inter\u00e9s ven\u00eda de mucho tiempo atr\u00e1s.<\/strong><\/p>\n\n\n\n<figure class=\"wp-block-embed is-type-rich is-provider-x wp-block-embed-x\"><div class=\"wp-block-embed__wrapper\">\n<div class=\"embed-x\"><blockquote class=\"twitter-tweet\" data-width=\"550\" data-dnt=\"true\"><p lang=\"es\" dir=\"ltr\">\ud835\udde2\ud835\uddd9\ud835\udddc\ud835\uddd6\ud835\udddc\ud835\uddd4\ud835\udddf \ud83d\udce3 Sebasti\u00e1n C\u00e1ceres, novo xogador do Celta!<br><br>Acordo co <a href=\"https:\/\/x.com\/ClubAmerica?ref_src=twsrc%5Etfw\">@ClubAmerica<\/a> polo traspaso do defensa, internacional con <a href=\"https:\/\/x.com\/Uruguay?ref_src=twsrc%5Etfw\">@Uruguay<\/a>, que chega a Vigo ata xu\u00f1o de 2030.<br><br>Benvido, <a href=\"https:\/\/x.com\/Seba4Caceres?ref_src=twsrc%5Etfw\">@Seba4Caceres<\/a> \ud83c\uddfa\ud83c\uddfe\ud83e\ude75 <a href=\"https:\/\/t.co\/oLTIbbqWza\">pic.twitter.com\/oLTIbbqWza<\/a><\/p>&mdash; Celta (@RCCelta) <a href=\"https:\/\/x.com\/RCCelta\/status\/2094878076546994602?ref_src=twsrc%5Etfw\">September 1, 2026<\/a><\/blockquote><script async src=\"https:\/\/platform.x.com\/widgets.js\" charset=\"utf-8\"><\/script><\/div>\n<\/div><\/figure>\n\n\n\n<p class=\"wp-block-paragraph\">A expensas del reconocimiento m\u00e9dico, ambos clubes pactaron un traspaso que&nbsp;<a href=\"https:\/\/www.mediotiempo.com\/futbol\/leagues-cup\/resumen-partido-america-vs-rayados-semifinales-leagues-cup-2026\" target=\"_blank\" rel=\"noopener\"><strong>obligar\u00e1 al Celta<\/strong><\/a>&nbsp;a pagar algo m\u00e1s de&nbsp;<strong>siete millones de euros&nbsp;<\/strong>por el futbolista charr\u00faa, una cifra similar a la abonada por el&nbsp;<strong>extremo marroqu\u00ed Couhaib Driouech al PSV Eindhoven.<\/strong><\/p>\n\n\n\n<blockquote class=\"wp-block-quote is-layout-flow wp-block-quote-is-layout-flow\">\n<p class=\"wp-block-paragraph\">&#8220;Lo conoc\u00edamos,<strong>&nbsp;llev\u00e1bamos tiempo sigui\u00e9ndolo.<\/strong>&nbsp;Creo que puede encajar con lo que es el equipo, nos va a dar un nivel de agresividad, de duelo, que nos viene bien ah\u00ed atr\u00e1s. Puede jugar en cualquiera de las tres posiciones de atr\u00e1s, incluso de lateral en un momento determinado\u201d, declar\u00f3 el entrenador del Celta, Claudio Gir\u00e1ldez, sobre la llegada de C\u00e1ceres.<\/p>\n<\/blockquote>\n<div class='share-to-whatsapp-wrapper'><div class='share-on-whsp'>Share on: <\/div><a data-text='\u00a1Ya est\u00e1 en Espa\u00f1a! Sebasti\u00e1n C\u00e1ceres se incorpora al Celta de Vigo' data-link='https:\/\/portaltactica.com\/?p=108664' class='whatsapp-button whatsapp-share'>WhatsApp<\/a><div class='clear '><\/div><\/div>","protected":false},"excerpt":{"rendered":"<p>El internacional uruguayo\u00a0Sebasti\u00e1n C\u00e1ceres\u00a0lleg\u00f3 este jueves a Vigo para someterse al\u00a0reconocimiento m\u00e9dico con el Celta, con el que firmar\u00e1 un\u00a0contrato hasta&hellip;<\/p>\n","protected":false},"author":2,"featured_media":108665,"comment_status":"closed","ping_status":"","sticky":false,"template":"","format":"standard","meta":{"advanced_seo_description":"","jetpack_seo_html_title":"","jetpack_seo_noindex":false,"jetpack_seo_schema_type":"","_jetpack_newsletter_access":"","_jetpack_dont_email_post_to_subs":false,"_jetpack_newsletter_tier_id":0,"_jetpack_memberships_contains_paywalled_content":false,"_jetpack_feature_clip_id":0,"_jetpack_memberships_contains_paid_content":false,"footnotes":"","jetpack_publicize_message":"","jetpack_publicize_feature_enabled":true,"jetpack_social_post_already_shared":true,"jetpack_social_options":{"image_generator_settings":{"template":"highway","default_image_id":0,"font":"","enabled":false},"version":2},"jetpack_post_was_ever_published":false},"categories":[6],"tags":[],"class_list":["post-108664","post","type-post","status-publish","format-standard","has-post-thumbnail","hentry","category-internacional"],"jetpack_publicize_connections":[],"jetpack_sharing_enabled":true,"jetpack_featured_media_url":"https:\/\/portaltactica.com\/wp-content\/uploads\/2026\/09\/10-2.jpg","_links":{"self":[{"href":"https:\/\/portaltactica.com\/index.php?rest_route=\/wp\/v2\/posts\/108664","targetHints":{"allow":["GET"]}}],"collection":[{"href":"https:\/\/portaltactica.com\/index.php?rest_route=\/wp\/v2\/posts"}],"about":[{"href":"https:\/\/portaltactica.com\/index.php?rest_route=\/wp\/v2\/types\/post"}],"author":[{"embeddable":true,"href":"https:\/\/portaltactica.com\/index.php?rest_route=\/wp\/v2\/users\/2"}],"replies":[{"embeddable":true,"href":"https:\/\/portaltactica.com\/index.php?rest_route=%2Fwp%2Fv2%2Fcomments&post=108664"}],"version-history":[{"count":1,"href":"https:\/\/portaltactica.com\/index.php?rest_route=\/wp\/v2\/posts\/108664\/revisions"}],"predecessor-version":[{"id":108666,"href":"https:\/\/portaltactica.com\/index.php?rest_route=\/wp\/v2\/posts\/108664\/revisions\/108666"}],"wp:featuredmedia":[{"embeddable":true,"href":"https:\/\/portaltactica.com\/index.php?rest_route=\/wp\/v2\/media\/108665"}],"wp:attachment":[{"href":"https:\/\/portaltactica.com\/index.php?rest_route=%2Fwp%2Fv2%2Fmedia&parent=108664"}],"wp:term":[{"taxonomy":"category","embeddable":true,"href":"https:\/\/portaltactica.com\/index.php?rest_route=%2Fwp%2Fv2%2Fcategories&post=108664"},{"taxonomy":"post_tag","embeddable":true,"href":"https:\/\/portaltactica.com\/index.php?rest_route=%2Fwp%2Fv2%2Ftags&post=108664"}],"curies":[{"name":"wp","href":"https:\/\/api.w.org\/{rel}","templated":true}]}}