{"id":108655,"date":"2026-09-03T12:51:29","date_gmt":"2026-09-03T19:51:29","guid":{"rendered":"https:\/\/portaltactica.com\/?p=108655"},"modified":"2026-09-03T12:51:39","modified_gmt":"2026-09-03T19:51:39","slug":"ancelotti-reaparece-en-valdebebas-y-da-su-visto-bueno-a-la-era-mourinho","status":"publish","type":"post","link":"https:\/\/portaltactica.com\/?p=108655","title":{"rendered":"Ancelotti reaparece en Valdebebas y da su visto bueno a la era Mourinho"},"content":{"rendered":"\n<p class=\"wp-block-paragraph\"><strong>Carlo Ancelotti<\/strong>, exentrenador merengue y actual estratega de la\u00a0<strong>Selecci\u00f3n de\u00a0Brasil<\/strong>, hizo una parada en\u00a0<strong>Valdebebas<\/strong>\u00a0durante sus d\u00edas libres. El\u00a0<strong>t\u00e9cnico italiano\u00a0<\/strong>no solo acudi\u00f3 de forma privada para seguir de cerca la evoluci\u00f3n de los futbolistas brasile\u00f1os lesionados, sino tambi\u00e9n para convivir con la plantilla y respaldar p\u00fablicamente el proyecto de\u00a0<strong>Jos\u00e9 Mourinho<\/strong>.<\/p>\n\n\n\n<p class=\"wp-block-paragraph\">A su llegada al complejo merengue,<strong>&nbsp;&#8216;Carletto&#8217;&nbsp;<\/strong>se mostr\u00f3 sumamente afectuoso con el vestidor, dedicando minutos especiales a conversar con figuras como&nbsp;<strong>Jude Bellingham<\/strong>,&nbsp;<strong>Federico Valverde<\/strong>,&nbsp;<strong>Thibaut Courtois<\/strong>&nbsp;y&nbsp;<strong>Dean Huijsen<\/strong>. Adem\u00e1s, dedic\u00f3 gestos de cercan\u00eda y cari\u00f1o hacia la legi\u00f3n sudamericana integrada por&nbsp;<strong>Eder Milit\u00e3o<\/strong>,&nbsp;<strong>Rodrygo<\/strong>&nbsp;y&nbsp;<strong>Endrick<\/strong>, a quienes monitorea de cara a su proceso con el combinado de la&nbsp;<strong>Canarinha<\/strong>.<\/p>\n\n\n\n<h2 class=\"wp-block-heading\">Un augurio lleno de \u00e9xito para los merengues<\/h2>\n\n\n\n<p class=\"wp-block-paragraph\">Durante su estancia,&nbsp;<strong>Ancelotti&nbsp;<\/strong>mantuvo una c\u00e1lida charla con&nbsp;<strong>Jos\u00e9 Mourinho<\/strong>, con quien revel\u00f3 tener una estrecha comunicaci\u00f3n desde hace a\u00f1os. En palabras para Realmadrid TV, el estratega italiano se mostr\u00f3 entusiasmado por el presente institucional: \u201cTengo buena relaci\u00f3n con&nbsp;<strong>Mourinho&nbsp;<\/strong>desde hace mucho tiempo, nos pasamos ideas y mensajes. Estoy contento de que est\u00e9 en este gran club que conoce muy bien; es un gran entrenador y estoy convencido de que lo va a hacer muy bien\u201d.<\/p>\n\n\n\n<p class=\"wp-block-paragraph\">Asimismo,&nbsp;<strong>Ancelotti<\/strong>&nbsp;analiz\u00f3 con optimismo el rendimiento inicial del conjunto blanco en el torneo local tras el reciente triunfo ante la&nbsp;<strong>Real Sociedad<\/strong>, proyectando un panorama brillante de cara a los exigentes compromisos frente al&nbsp;<strong>Betis<\/strong>&nbsp;en&nbsp;<strong>Liga<\/strong>&nbsp;y al&nbsp;<strong>Inter<\/strong>&nbsp;en la&nbsp;<strong>Champions League<\/strong>.<\/p>\n\n\n\n<blockquote class=\"wp-block-quote is-layout-flow wp-block-quote-is-layout-flow\">\n<p class=\"wp-block-paragraph\">El equipo empez\u00f3 muy bien. Creo que est\u00e1 bien preparado con los nuevos fichajes, que van a aportar mucho. Va a ser una gran temporada para el Real Madrid.<\/p>\n<\/blockquote>\n\n\n\n<h2 class=\"wp-block-heading\">De DT a &#8216;primer aficionado&#8217;<\/h2>\n\n\n\n<p class=\"wp-block-paragraph\">Su regreso a&nbsp;<strong>Valdebebas<\/strong>&nbsp;sirvi\u00f3 para reafirmar el profundo lazo afectivo que mantiene con la instituci\u00f3n madrile\u00f1a, la cual defini\u00f3 como su casa y familia. El estratega confes\u00f3 que tras concluir su ciclo en el&nbsp;<strong>banquillo merengue&nbsp;<\/strong>pas\u00f3 a convertirse en el&nbsp;<strong>&#8220;primer aficionado&#8221;<\/strong>&nbsp;del equipo, viviendo con intensidad cada partido frente al televisor.<\/p>\n\n\n\n<p class=\"wp-block-paragraph\">Por \u00faltimo, en su faceta como seleccionador de&nbsp;<strong>Brasil<\/strong>,&nbsp;<strong>Ancelotti<\/strong>&nbsp;explic\u00f3 los planes para encarar el proceso rumbo a la&nbsp;<strong>Copa del Mundo de 2030<\/strong>. Tras el cierre del ciclo de la camada anterior, el italiano enfatiz\u00f3 que su labor actual consiste en visorear a la&nbsp;<strong>talentosa generaci\u00f3n de futbolistas j\u00f3venes<\/strong>, de&nbsp;<strong>20 a\u00f1os en adelante<\/strong>, para darles rodaje en los pr\u00f3ximos duelos amistosos y conformar un representativo altamente competitivo a nivel global.<\/p>\n<div class='share-to-whatsapp-wrapper'><div class='share-on-whsp'>Share on: <\/div><a data-text='Ancelotti reaparece en Valdebebas y da su visto bueno a la era Mourinho' data-link='https:\/\/portaltactica.com\/?p=108655' class='whatsapp-button whatsapp-share'>WhatsApp<\/a><div class='clear '><\/div><\/div>","protected":false},"excerpt":{"rendered":"<p>Carlo Ancelotti, exentrenador merengue y actual estratega de la\u00a0Selecci\u00f3n de\u00a0Brasil, hizo una parada en\u00a0Valdebebas\u00a0durante sus d\u00edas libres. El\u00a0t\u00e9cnico italiano\u00a0no solo acudi\u00f3&hellip;<\/p>\n","protected":false},"author":2,"featured_media":108656,"comment_status":"closed","ping_status":"closed","sticky":false,"template":"","format":"standard","meta":{"advanced_seo_description":"","jetpack_seo_html_title":"","jetpack_seo_noindex":false,"jetpack_seo_schema_type":"","_jetpack_newsletter_access":"","_jetpack_dont_email_post_to_subs":false,"_jetpack_newsletter_tier_id":0,"_jetpack_memberships_contains_paywalled_content":false,"_jetpack_feature_clip_id":0,"_jetpack_memberships_contains_paid_content":false,"footnotes":"","jetpack_publicize_message":"","jetpack_publicize_feature_enabled":true,"jetpack_social_post_already_shared":true,"jetpack_social_options":{"image_generator_settings":{"template":"highway","default_image_id":0,"font":"","enabled":false},"version":2},"jetpack_post_was_ever_published":false},"categories":[6],"tags":[],"class_list":["post-108655","post","type-post","status-publish","format-standard","has-post-thumbnail","hentry","category-internacional"],"jetpack_publicize_connections":[],"jetpack_sharing_enabled":true,"jetpack_featured_media_url":"https:\/\/portaltactica.com\/wp-content\/uploads\/2026\/09\/7-2.jpg","_links":{"self":[{"href":"https:\/\/portaltactica.com\/index.php?rest_route=\/wp\/v2\/posts\/108655","targetHints":{"allow":["GET"]}}],"collection":[{"href":"https:\/\/portaltactica.com\/index.php?rest_route=\/wp\/v2\/posts"}],"about":[{"href":"https:\/\/portaltactica.com\/index.php?rest_route=\/wp\/v2\/types\/post"}],"author":[{"embeddable":true,"href":"https:\/\/portaltactica.com\/index.php?rest_route=\/wp\/v2\/users\/2"}],"replies":[{"embeddable":true,"href":"https:\/\/portaltactica.com\/index.php?rest_route=%2Fwp%2Fv2%2Fcomments&post=108655"}],"version-history":[{"count":1,"href":"https:\/\/portaltactica.com\/index.php?rest_route=\/wp\/v2\/posts\/108655\/revisions"}],"predecessor-version":[{"id":108657,"href":"https:\/\/portaltactica.com\/index.php?rest_route=\/wp\/v2\/posts\/108655\/revisions\/108657"}],"wp:featuredmedia":[{"embeddable":true,"href":"https:\/\/portaltactica.com\/index.php?rest_route=\/wp\/v2\/media\/108656"}],"wp:attachment":[{"href":"https:\/\/portaltactica.com\/index.php?rest_route=%2Fwp%2Fv2%2Fmedia&parent=108655"}],"wp:term":[{"taxonomy":"category","embeddable":true,"href":"https:\/\/portaltactica.com\/index.php?rest_route=%2Fwp%2Fv2%2Fcategories&post=108655"},{"taxonomy":"post_tag","embeddable":true,"href":"https:\/\/portaltactica.com\/index.php?rest_route=%2Fwp%2Fv2%2Ftags&post=108655"}],"curies":[{"name":"wp","href":"https:\/\/api.w.org\/{rel}","templated":true}]}}