{"id":108642,"date":"2026-09-03T10:06:50","date_gmt":"2026-09-03T17:06:50","guid":{"rendered":"https:\/\/portaltactica.com\/?p=108642"},"modified":"2026-09-03T10:06:54","modified_gmt":"2026-09-03T17:06:54","slug":"tras-una-nueva-lesion-neymar-lanza-dura-critica-al-estado-de-la-cancha-del-santos","status":"publish","type":"post","link":"https:\/\/portaltactica.com\/?p=108642","title":{"rendered":"Tras una nueva lesi\u00f3n, Neymar lanza dura cr\u00edtica al estado de la cancha del Santos"},"content":{"rendered":"\n<p class=\"wp-block-paragraph\"><strong>Neymar Jr<\/strong>., futbolista del\u00a0<strong>Santos\u00a0<\/strong>de\u00a0<strong>Brasil\u00a0<\/strong>y exseleccionado, tuvo que salir de cambio por lesi\u00f3n durante el encuentro ante\u00a0<strong>Palmeiras<\/strong>, correspondiente a la\u00a0<strong>Copa de Brasil<\/strong>. Tras el partido, el atacante arremeti\u00f3 en redes sociales contra el estado de la cancha y el trabajo realizado por los jardineros del club.<\/p>\n\n\n\n<p class=\"wp-block-paragraph\">El duelo termin\u00f3 con tres jugadores del\u00a0<strong>Santos\u00a0<\/strong>presentando molestias f\u00edsicas debido, seg\u00fan\u00a0<strong>Neymar<\/strong>, a las condiciones del terreno de juego. El propio delantero sufri\u00f3 una lesi\u00f3n en el muslo derecho y fue sustituido al medio tiempo.<\/p>\n\n\n\n<figure class=\"wp-block-embed is-type-rich is-provider-x wp-block-embed-x\"><div class=\"wp-block-embed__wrapper\">\n<div class=\"embed-x\"><blockquote class=\"twitter-tweet\" data-width=\"550\" data-dnt=\"true\"><p lang=\"es\" dir=\"ltr\">\ud83d\ude33\ud83c\udde7\ud83c\uddf7 EL DUR\u00cdSIMO POSTEO DE NEYMAR J\u00daNIOR CONTRA EL CANCHERO DEL SANTOS:<br><br>\u201cQuer\u00eda felicitar a nuestro responsable del campo de juego de Vila Belmiro&#8230;<br><br>Ayer fue el PEOR C\u00c9SPED QUE VILA HA TENIDO, LLENO DE POZOS porque hicieron la compactaci\u00f3n un d\u00eda antes del partido.\u2026 <a href=\"https:\/\/t.co\/VVpFerkqAT\">pic.twitter.com\/VVpFerkqAT<\/a><\/p>&mdash; Ataque Futbolero (@AtaqueFutbolero) <a href=\"https:\/\/x.com\/AtaqueFutbolero\/status\/2095527727201652892?ref_src=twsrc%5Etfw\">September 3, 2026<\/a><\/blockquote><script async src=\"https:\/\/platform.x.com\/widgets.js\" charset=\"utf-8\"><\/script><\/div>\n<\/div><\/figure>\n\n\n\n<blockquote class=\"wp-block-quote is-layout-flow wp-block-quote-is-layout-flow\">\n<p class=\"wp-block-paragraph\">&#8220;<strong>Ayer fue el PEOR C\u00c9SPED QUE VILA HA TENIDO<\/strong>, LLENO DE POZOS porque hicieron la compactaci\u00f3n un d\u00eda antes del partido&nbsp;\u00a1FELICITACIONES!&nbsp;<strong>EXCELENTE TRABAJO DE MIER**<\/strong>\u201d, poste\u00f3&nbsp;<strong>Neymar<\/strong>&nbsp;en sus redes&nbsp;<\/p>\n<\/blockquote>\n\n\n\n<p class=\"wp-block-paragraph\">En el marcador,\u00a0<strong>Santos\u00a0<\/strong>empat\u00f3 0-0 ante\u00a0<strong>Palmeiras\u00a0<\/strong>en el partido de Vuelta y qued\u00f3 eliminado de la competencia tras caer 3-0 en el encuentro de ida. De esta manera,\u00a0<strong>Palmeiras\u00a0<\/strong>avanz\u00f3 a las Semifinales de la\u00a0<strong>Copa de\u00a0Brasil<\/strong>.<\/p>\n\n\n\n<p class=\"wp-block-paragraph\">La situaci\u00f3n gener\u00f3 preocupaci\u00f3n dentro del conjunto santista, especialmente por la importancia de&nbsp;<strong>Neymar&nbsp;<\/strong>para el equipo. El atacante ha tenido que lidiar con diferentes problemas f\u00edsicos en los \u00faltimos meses.<\/p>\n\n\n\n<h2 class=\"wp-block-heading\">\u00bfCu\u00e1les fueron las estad\u00edsticas de Neymar la temporada pasada con el Santos?<\/h2>\n\n\n\n<p class=\"wp-block-paragraph\">La temporada pasada,&nbsp;<strong>disput\u00f3 24 partidos<\/strong>&nbsp;con el&nbsp;<strong>Santos<\/strong>, en los que registr\u00f3 ocho goles y ocho asistencias. Estas cifras reflejan la importancia que tiene el atacante dentro del esquema del conjunto brasile\u00f1o, donde se mantiene como una de las principales figuras ofensivas del equipo.<\/p>\n<div class='share-to-whatsapp-wrapper'><div class='share-on-whsp'>Share on: <\/div><a data-text='Tras una nueva lesi\u00f3n, Neymar lanza dura cr\u00edtica al estado de la cancha del Santos' data-link='https:\/\/portaltactica.com\/?p=108642' class='whatsapp-button whatsapp-share'>WhatsApp<\/a><div class='clear '><\/div><\/div>","protected":false},"excerpt":{"rendered":"<p>Neymar Jr., futbolista del\u00a0Santos\u00a0de\u00a0Brasil\u00a0y exseleccionado, tuvo que salir de cambio por lesi\u00f3n durante el encuentro ante\u00a0Palmeiras, correspondiente a la\u00a0Copa de Brasil.&hellip;<\/p>\n","protected":false},"author":2,"featured_media":108643,"comment_status":"closed","ping_status":"closed","sticky":false,"template":"","format":"standard","meta":{"advanced_seo_description":"","jetpack_seo_html_title":"","jetpack_seo_noindex":false,"jetpack_seo_schema_type":"","_jetpack_newsletter_access":"","_jetpack_dont_email_post_to_subs":false,"_jetpack_newsletter_tier_id":0,"_jetpack_memberships_contains_paywalled_content":false,"_jetpack_feature_clip_id":0,"_jetpack_memberships_contains_paid_content":false,"footnotes":"","jetpack_publicize_message":"","jetpack_publicize_feature_enabled":true,"jetpack_social_post_already_shared":true,"jetpack_social_options":{"image_generator_settings":{"template":"highway","default_image_id":0,"font":"","enabled":false},"version":2},"jetpack_post_was_ever_published":false},"categories":[1898],"tags":[],"class_list":["post-108642","post","type-post","status-publish","format-standard","has-post-thumbnail","hentry","category-destacado-internacional"],"jetpack_publicize_connections":[],"jetpack_sharing_enabled":true,"jetpack_featured_media_url":"https:\/\/portaltactica.com\/wp-content\/uploads\/2026\/09\/3-2.jpg","_links":{"self":[{"href":"https:\/\/portaltactica.com\/index.php?rest_route=\/wp\/v2\/posts\/108642","targetHints":{"allow":["GET"]}}],"collection":[{"href":"https:\/\/portaltactica.com\/index.php?rest_route=\/wp\/v2\/posts"}],"about":[{"href":"https:\/\/portaltactica.com\/index.php?rest_route=\/wp\/v2\/types\/post"}],"author":[{"embeddable":true,"href":"https:\/\/portaltactica.com\/index.php?rest_route=\/wp\/v2\/users\/2"}],"replies":[{"embeddable":true,"href":"https:\/\/portaltactica.com\/index.php?rest_route=%2Fwp%2Fv2%2Fcomments&post=108642"}],"version-history":[{"count":1,"href":"https:\/\/portaltactica.com\/index.php?rest_route=\/wp\/v2\/posts\/108642\/revisions"}],"predecessor-version":[{"id":108644,"href":"https:\/\/portaltactica.com\/index.php?rest_route=\/wp\/v2\/posts\/108642\/revisions\/108644"}],"wp:featuredmedia":[{"embeddable":true,"href":"https:\/\/portaltactica.com\/index.php?rest_route=\/wp\/v2\/media\/108643"}],"wp:attachment":[{"href":"https:\/\/portaltactica.com\/index.php?rest_route=%2Fwp%2Fv2%2Fmedia&parent=108642"}],"wp:term":[{"taxonomy":"category","embeddable":true,"href":"https:\/\/portaltactica.com\/index.php?rest_route=%2Fwp%2Fv2%2Fcategories&post=108642"},{"taxonomy":"post_tag","embeddable":true,"href":"https:\/\/portaltactica.com\/index.php?rest_route=%2Fwp%2Fv2%2Ftags&post=108642"}],"curies":[{"name":"wp","href":"https:\/\/api.w.org\/{rel}","templated":true}]}}