{"id":108639,"date":"2026-09-03T10:03:20","date_gmt":"2026-09-03T17:03:20","guid":{"rendered":"https:\/\/portaltactica.com\/?p=108639"},"modified":"2026-09-03T10:03:27","modified_gmt":"2026-09-03T17:03:27","slug":"aubameyang-pone-fin-a-su-etapa-con-gabon-tras-denunciar-una-humillacion","status":"publish","type":"post","link":"https:\/\/portaltactica.com\/?p=108639","title":{"rendered":"Aubameyang pone fin a su etapa con Gab\u00f3n tras denunciar una \u201chumillaci\u00f3n\u201d"},"content":{"rendered":"\n<p class=\"wp-block-paragraph\"><strong>Pierre-Emerick Aubameyang<\/strong>, delantero estrella del\u00a0<strong>Real Club Deportivo de La Coru\u00f1a<\/strong>, ha dejado su etapa en la selecci\u00f3n de Gab\u00f3n tras una serie de fuertes cr\u00edticas institucionales. En una reciente entrevista, el atacante gabon\u00e9s expres\u00f3 su malestar tras el duro paso de su pa\u00eds por la \u00faltima\u00a0<strong>Copa Africana de Naciones<\/strong>\u00a0(CAN).<\/p>\n\n\n\n<p class=\"wp-block-paragraph\"><strong>El jugador no habr\u00eda sentido el apoyo<\/strong>, el combinado nacional y varios referentes sufrieron sanciones gubernamentales y se\u00f1alamientos p\u00fablicos que el jugador calific\u00f3 como un intento de ensuciar su imagen.<\/p>\n\n\n\n<blockquote class=\"wp-block-quote is-layout-flow wp-block-quote-is-layout-flow\">\n<p class=\"wp-block-paragraph\">&#8220;<strong>Me humillaron y me ensuciaron cuando yo jugu\u00e9 la Copa de \u00c1frica<\/strong>&nbsp;estando lesionado&#8221;, declar\u00f3&nbsp;<strong>Aubameyang<\/strong>&nbsp;para una entrevista de televisi\u00f3n<\/p>\n<\/blockquote>\n\n\n\n<p class=\"wp-block-paragraph\"><strong>La pol\u00e9mica ha generado divisi\u00f3n de opiniones entre la afici\u00f3n gabonesa<\/strong>, esta entre el agradecimiento a su hist\u00f3rico goleador y el apoyo a la renovaci\u00f3n institucional que buscar\u00eda llevar al combinado m\u00e1s lejos en torneos internacionales.<\/p>\n\n\n\n<p class=\"wp-block-paragraph\">Por su parte, el cuerpo t\u00e9cnico y la directiva del conjunto espa\u00f1ol siguen de cerca el estado an\u00edmico de su delantero, esperando que este episodio no repercuta en su rendimiento sobre el c\u00e9sped tras el inici\u00f3 de&nbsp;<strong><a href=\"https:\/\/www.mediotiempo.com\/futbol\/liga-mx\/sebastian-caceres-se-despide-america-entre-lagrimas-era-mi-familia\" target=\"_blank\" rel=\"noopener\">LaLiga<\/a>&nbsp;2026-2027<\/strong>.<\/p>\n\n\n\n<h2 class=\"wp-block-heading\">\u00bfCu\u00e1les fueron las estad\u00edsticas de Aubameyang con la Selecci\u00f3n de Gab\u00f3n?<\/h2>\n\n\n\n<p class=\"wp-block-paragraph\">Con este final inesperado, se cierra el ciclo de uno de los m\u00e1ximos referentes hist\u00f3ricos de las Panteras, con quien disput\u00f3 un total de&nbsp;<strong>83 partidos<\/strong>, anot\u00f3<strong>&nbsp;40 goles<\/strong>&nbsp;y reparti\u00f3&nbsp;<strong>10 asistencias<\/strong>, cifras que reflejan su legado en el combinado nacional.<\/p>\n<div class='share-to-whatsapp-wrapper'><div class='share-on-whsp'>Share on: <\/div><a data-text='Aubameyang pone fin a su etapa con Gab\u00f3n tras denunciar una \u201chumillaci\u00f3n\u201d' data-link='https:\/\/portaltactica.com\/?p=108639' class='whatsapp-button whatsapp-share'>WhatsApp<\/a><div class='clear '><\/div><\/div>","protected":false},"excerpt":{"rendered":"<p>Pierre-Emerick Aubameyang, delantero estrella del\u00a0Real Club Deportivo de La Coru\u00f1a, ha dejado su etapa en la selecci\u00f3n de Gab\u00f3n tras una&hellip;<\/p>\n","protected":false},"author":2,"featured_media":108640,"comment_status":"closed","ping_status":"closed","sticky":false,"template":"","format":"standard","meta":{"advanced_seo_description":"","jetpack_seo_html_title":"","jetpack_seo_noindex":false,"jetpack_seo_schema_type":"","_jetpack_newsletter_access":"","_jetpack_dont_email_post_to_subs":false,"_jetpack_newsletter_tier_id":0,"_jetpack_memberships_contains_paywalled_content":false,"_jetpack_feature_clip_id":0,"_jetpack_memberships_contains_paid_content":false,"footnotes":"","jetpack_publicize_message":"","jetpack_publicize_feature_enabled":true,"jetpack_social_post_already_shared":true,"jetpack_social_options":{"image_generator_settings":{"template":"highway","default_image_id":0,"font":"","enabled":false},"version":2},"jetpack_post_was_ever_published":false},"categories":[1898],"tags":[],"class_list":["post-108639","post","type-post","status-publish","format-standard","has-post-thumbnail","hentry","category-destacado-internacional"],"jetpack_publicize_connections":[],"jetpack_sharing_enabled":true,"jetpack_featured_media_url":"https:\/\/portaltactica.com\/wp-content\/uploads\/2026\/09\/2-2.jpg","_links":{"self":[{"href":"https:\/\/portaltactica.com\/index.php?rest_route=\/wp\/v2\/posts\/108639","targetHints":{"allow":["GET"]}}],"collection":[{"href":"https:\/\/portaltactica.com\/index.php?rest_route=\/wp\/v2\/posts"}],"about":[{"href":"https:\/\/portaltactica.com\/index.php?rest_route=\/wp\/v2\/types\/post"}],"author":[{"embeddable":true,"href":"https:\/\/portaltactica.com\/index.php?rest_route=\/wp\/v2\/users\/2"}],"replies":[{"embeddable":true,"href":"https:\/\/portaltactica.com\/index.php?rest_route=%2Fwp%2Fv2%2Fcomments&post=108639"}],"version-history":[{"count":1,"href":"https:\/\/portaltactica.com\/index.php?rest_route=\/wp\/v2\/posts\/108639\/revisions"}],"predecessor-version":[{"id":108641,"href":"https:\/\/portaltactica.com\/index.php?rest_route=\/wp\/v2\/posts\/108639\/revisions\/108641"}],"wp:featuredmedia":[{"embeddable":true,"href":"https:\/\/portaltactica.com\/index.php?rest_route=\/wp\/v2\/media\/108640"}],"wp:attachment":[{"href":"https:\/\/portaltactica.com\/index.php?rest_route=%2Fwp%2Fv2%2Fmedia&parent=108639"}],"wp:term":[{"taxonomy":"category","embeddable":true,"href":"https:\/\/portaltactica.com\/index.php?rest_route=%2Fwp%2Fv2%2Fcategories&post=108639"},{"taxonomy":"post_tag","embeddable":true,"href":"https:\/\/portaltactica.com\/index.php?rest_route=%2Fwp%2Fv2%2Ftags&post=108639"}],"curies":[{"name":"wp","href":"https:\/\/api.w.org\/{rel}","templated":true}]}}