{"id":108627,"date":"2026-09-02T17:54:45","date_gmt":"2026-09-03T00:54:45","guid":{"rendered":"https:\/\/portaltactica.com\/?p=108627"},"modified":"2026-09-02T17:54:56","modified_gmt":"2026-09-03T00:54:56","slug":"regresa-a-la-maquina-el-cata-dominguez-vuelve-a-cruz-azul","status":"publish","type":"post","link":"https:\/\/portaltactica.com\/?p=108627","title":{"rendered":"\u00a1Regresa a La M\u00e1quina! El \u2018Cata\u2019 Dom\u00ednguez vuelve a Cruz Azul"},"content":{"rendered":"\n<p class=\"wp-block-paragraph\"><strong>Julio C\u00e9sar Dom\u00ednguez\u00a0<\/strong>regres\u00f3\u00a0<strong>La Noria<\/strong>. Apenas unos d\u00edas despu\u00e9s de anunciar oficialmente su retiro del futbol profesional, el exdefensa de\u00a0<strong>Cruz Azul\u00a0<\/strong>comenz\u00f3 una nueva etapa dentro de la instituci\u00f3n, ahora desde el banquillo.<\/p>\n\n\n\n<p class=\"wp-block-paragraph\">Dom\u00ednguez se incorpor\u00f3 al trabajo de las fuerzas b\u00e1sicas y ser\u00e1 auxiliar de&nbsp;<strong>Marco Calvillo<\/strong>&nbsp;en la categor\u00eda Sub-21.<\/p>\n\n\n\n<p class=\"wp-block-paragraph\">El exjugador ya se hab\u00eda presentado desde hace algunos d\u00edas en las instalaciones de La Noria y este martes comenz\u00f3 con el trabajo en cancha junto al cuerpo t\u00e9cnico.<\/p>\n\n\n\n<h2 class=\"wp-block-heading\">Un regreso que no estar\u00e1 exento de opiniones<\/h2>\n\n\n\n<p class=\"wp-block-paragraph\">El regreso del \u2018Cata\u2019 tambi\u00e9n representa un movimiento que puede generar opiniones divididas entre la afici\u00f3n cementera.<\/p>\n\n\n\n<p class=\"wp-block-paragraph\">Su \u00faltima etapa como jugador de Cruz Azul estuvo marcada por cr\u00edticas de un sector de los seguidores, quienes incluso llegaron a pedir su salida en redes sociales durante algunos momentos complicados del equipo.<\/p>\n\n\n\n<p class=\"wp-block-paragraph\"><strong>Dom\u00ednguez<\/strong>&nbsp;fue se\u00f1alado en distintas ocasiones por aficionados tras resultados adversos y tambi\u00e9n estuvo en el centro de la pol\u00e9mica por situaciones extracancha, entre ellas la fiesta de cumplea\u00f1os de su hijo que gener\u00f3 cr\u00edticas y cuestionamientos en redes sociales.<\/p>\n\n\n\n<p class=\"wp-block-paragraph\">Despu\u00e9s de cerrar su etapa como profesional, Dom\u00ednguez inici\u00f3 un cap\u00edtulo en el club donde construy\u00f3 pr\u00e1cticamente toda su carrera.<\/p>\n<div class='share-to-whatsapp-wrapper'><div class='share-on-whsp'>Share on: <\/div><a data-text='\u00a1Regresa a La M\u00e1quina! El \u2018Cata\u2019 Dom\u00ednguez vuelve a Cruz Azul' data-link='https:\/\/portaltactica.com\/?p=108627' class='whatsapp-button whatsapp-share'>WhatsApp<\/a><div class='clear '><\/div><\/div>","protected":false},"excerpt":{"rendered":"<p>Julio C\u00e9sar Dom\u00ednguez\u00a0regres\u00f3\u00a0La Noria. Apenas unos d\u00edas despu\u00e9s de anunciar oficialmente su retiro del futbol profesional, el exdefensa de\u00a0Cruz Azul\u00a0comenz\u00f3 una&hellip;<\/p>\n","protected":false},"author":2,"featured_media":108628,"comment_status":"closed","ping_status":"closed","sticky":false,"template":"","format":"standard","meta":{"advanced_seo_description":"","jetpack_seo_html_title":"","jetpack_seo_noindex":false,"jetpack_seo_schema_type":"","_jetpack_newsletter_access":"","_jetpack_dont_email_post_to_subs":false,"_jetpack_newsletter_tier_id":0,"_jetpack_memberships_contains_paywalled_content":false,"_jetpack_feature_clip_id":0,"_jetpack_memberships_contains_paid_content":false,"footnotes":"","jetpack_publicize_message":"","jetpack_publicize_feature_enabled":true,"jetpack_social_post_already_shared":true,"jetpack_social_options":{"image_generator_settings":{"template":"highway","default_image_id":0,"font":"","enabled":false},"version":2},"jetpack_post_was_ever_published":false},"categories":[7],"tags":[],"class_list":["post-108627","post","type-post","status-publish","format-standard","has-post-thumbnail","hentry","category-nacional"],"jetpack_publicize_connections":[],"jetpack_sharing_enabled":true,"jetpack_featured_media_url":"https:\/\/portaltactica.com\/wp-content\/uploads\/2026\/09\/8-1.jpg","_links":{"self":[{"href":"https:\/\/portaltactica.com\/index.php?rest_route=\/wp\/v2\/posts\/108627","targetHints":{"allow":["GET"]}}],"collection":[{"href":"https:\/\/portaltactica.com\/index.php?rest_route=\/wp\/v2\/posts"}],"about":[{"href":"https:\/\/portaltactica.com\/index.php?rest_route=\/wp\/v2\/types\/post"}],"author":[{"embeddable":true,"href":"https:\/\/portaltactica.com\/index.php?rest_route=\/wp\/v2\/users\/2"}],"replies":[{"embeddable":true,"href":"https:\/\/portaltactica.com\/index.php?rest_route=%2Fwp%2Fv2%2Fcomments&post=108627"}],"version-history":[{"count":1,"href":"https:\/\/portaltactica.com\/index.php?rest_route=\/wp\/v2\/posts\/108627\/revisions"}],"predecessor-version":[{"id":108629,"href":"https:\/\/portaltactica.com\/index.php?rest_route=\/wp\/v2\/posts\/108627\/revisions\/108629"}],"wp:featuredmedia":[{"embeddable":true,"href":"https:\/\/portaltactica.com\/index.php?rest_route=\/wp\/v2\/media\/108628"}],"wp:attachment":[{"href":"https:\/\/portaltactica.com\/index.php?rest_route=%2Fwp%2Fv2%2Fmedia&parent=108627"}],"wp:term":[{"taxonomy":"category","embeddable":true,"href":"https:\/\/portaltactica.com\/index.php?rest_route=%2Fwp%2Fv2%2Fcategories&post=108627"},{"taxonomy":"post_tag","embeddable":true,"href":"https:\/\/portaltactica.com\/index.php?rest_route=%2Fwp%2Fv2%2Ftags&post=108627"}],"curies":[{"name":"wp","href":"https:\/\/api.w.org\/{rel}","templated":true}]}}