{"id":108614,"date":"2026-09-02T14:37:05","date_gmt":"2026-09-02T21:37:05","guid":{"rendered":"https:\/\/portaltactica.com\/?p=108614"},"modified":"2026-09-02T14:37:05","modified_gmt":"2026-09-02T21:37:05","slug":"comienza-mazatleco-jorge-nieblas-con-una-victoria-su-participacion-en-el-boxam-internacional-de-espana","status":"publish","type":"post","link":"https:\/\/portaltactica.com\/?p=108614","title":{"rendered":"Comienza mazatleco, Jorge Nieblas, con una victoria su participaci\u00f3n en el Boxam Internacional de Espa\u00f1a"},"content":{"rendered":"\n<p class=\"wp-block-paragraph\">Logra el boxeador &#8220;patasalada&#8221; su primera victoria, por decisi\u00f3n unanime, ante el portugu\u00e9s Matheus Guedes.<\/p>\n\n\n\n<p class=\"wp-block-paragraph\">Alicante, Espa\u00f1a a 2 de septiembre de 2026.- Un prometedor comienzo del Torneo Boxam Internacional, realizado en Alicante, Espa\u00f1a, tuvo el boxeador mazatleco Jorge Luis Nieblas Guti\u00e9rrez, despu\u00e9s de llevarse la victoria en la categor\u00eda Sub 19 -70 kilogramos, tras vencer por las tarjetas al representante de Portugal, Matheus Guedes.<\/p>\n\n\n\n<p class=\"wp-block-paragraph\">Nieblas Guti\u00e9rrez es parte de la delegaci\u00f3n mexicana, en la que participar\u00e1n cinco boxeadores sinaloenses, acompa\u00f1ados por el entrenador, Jorge Romero, as\u00ed como por el tambi\u00e9n mazatleco, Jos\u00e9 Luis Ar\u00e1mburo Llamas, presidente de la Asociaci\u00f3n Estatal de Boxeo, quien acudi\u00f3 como delegado del grupo.<\/p>\n\n\n\n<p class=\"wp-block-paragraph\">Cabe destacar que el Boxam Internacional, que tiene por sede La Nuc\u00eda Ciudad del Deporte, ser\u00e1 la \u00faltima preparaci\u00f3n de la Selecci\u00f3n Mexicana antes del Campeonato Mundial de Boxeo Sub 19, que tendr\u00e1 lugar en Budva, Montenegro, del 14 al 28 de octubre.<\/p>\n\n\n\n<p class=\"wp-block-paragraph\">&#8220;El Roca&#8221; ya ha participado en dos ocasiones en el certamen pen\u00ednsular, llev\u00e1ndose la medalla de plata en la versi\u00f3n Elite de 2025, por lo que aprovechar\u00e1 la experiencia rumbo a su participaci\u00f3n en los Juegos Ol\u00edmpicos de la Juventud 2026, que se llevar\u00e1n a cabo del 31 de octubre al 13 de noviembre.<\/p>\n\n\n\n<p class=\"wp-block-paragraph\">SINALOENSES PARTICPANTES<\/p>\n\n\n\n<p class=\"wp-block-paragraph\">Delegado: Jos\u00e9 Luis Ar\u00e1mburo<br \/>Entrenador: Jorge Romero<\/p>\n\n\n\n<p class=\"wp-block-paragraph\">Boxeadores:<br>Jorge Nieblas<br>Ram\u00f3n Mercado<br>Rodrigo Zamudio<br>Santiago de La luz<br>Marta Rivera<\/p>\n<div class='share-to-whatsapp-wrapper'><div class='share-on-whsp'>Share on: <\/div><a data-text='Comienza mazatleco, Jorge Nieblas, con una victoria su participaci\u00f3n en el Boxam Internacional de Espa\u00f1a' data-link='https:\/\/portaltactica.com\/?p=108614' class='whatsapp-button whatsapp-share'>WhatsApp<\/a><div class='clear '><\/div><\/div>","protected":false},"excerpt":{"rendered":"<p>Logra el boxeador &#8220;patasalada&#8221; su primera victoria, por decisi\u00f3n unanime, ante el portugu\u00e9s Matheus Guedes. Alicante, Espa\u00f1a a 2 de septiembre&hellip;<\/p>\n","protected":false},"author":1,"featured_media":108613,"comment_status":"","ping_status":"","sticky":false,"template":"","format":"standard","meta":{"advanced_seo_description":"","jetpack_seo_html_title":"","jetpack_seo_noindex":false,"jetpack_seo_schema_type":"","_jetpack_newsletter_access":"","_jetpack_dont_email_post_to_subs":false,"_jetpack_newsletter_tier_id":0,"_jetpack_memberships_contains_paywalled_content":false,"_jetpack_feature_clip_id":0,"_jetpack_memberships_contains_paid_content":false,"footnotes":"","jetpack_publicize_message":"","jetpack_publicize_feature_enabled":true,"jetpack_social_post_already_shared":true,"jetpack_social_options":{"image_generator_settings":{"template":"highway","default_image_id":0,"font":"","enabled":false},"version":2},"jetpack_post_was_ever_published":false},"categories":[1899],"tags":[37],"class_list":["post-108614","post","type-post","status-publish","format-standard","has-post-thumbnail","hentry","category-destacado-mazatlan","tag-imdem"],"jetpack_publicize_connections":[],"jetpack_sharing_enabled":true,"jetpack_featured_media_url":"https:\/\/portaltactica.com\/wp-content\/uploads\/2026\/09\/3b27af67-10ec-40a9-a142-247b69583ee7.jpg","_links":{"self":[{"href":"https:\/\/portaltactica.com\/index.php?rest_route=\/wp\/v2\/posts\/108614","targetHints":{"allow":["GET"]}}],"collection":[{"href":"https:\/\/portaltactica.com\/index.php?rest_route=\/wp\/v2\/posts"}],"about":[{"href":"https:\/\/portaltactica.com\/index.php?rest_route=\/wp\/v2\/types\/post"}],"author":[{"embeddable":true,"href":"https:\/\/portaltactica.com\/index.php?rest_route=\/wp\/v2\/users\/1"}],"replies":[{"embeddable":true,"href":"https:\/\/portaltactica.com\/index.php?rest_route=%2Fwp%2Fv2%2Fcomments&post=108614"}],"version-history":[{"count":0,"href":"https:\/\/portaltactica.com\/index.php?rest_route=\/wp\/v2\/posts\/108614\/revisions"}],"wp:featuredmedia":[{"embeddable":true,"href":"https:\/\/portaltactica.com\/index.php?rest_route=\/wp\/v2\/media\/108613"}],"wp:attachment":[{"href":"https:\/\/portaltactica.com\/index.php?rest_route=%2Fwp%2Fv2%2Fmedia&parent=108614"}],"wp:term":[{"taxonomy":"category","embeddable":true,"href":"https:\/\/portaltactica.com\/index.php?rest_route=%2Fwp%2Fv2%2Fcategories&post=108614"},{"taxonomy":"post_tag","embeddable":true,"href":"https:\/\/portaltactica.com\/index.php?rest_route=%2Fwp%2Fv2%2Ftags&post=108614"}],"curies":[{"name":"wp","href":"https:\/\/api.w.org\/{rel}","templated":true}]}}