{"id":108602,"date":"2026-09-02T14:08:02","date_gmt":"2026-09-02T21:08:02","guid":{"rendered":"https:\/\/portaltactica.com\/?p=108602"},"modified":"2026-09-02T14:08:08","modified_gmt":"2026-09-02T21:08:08","slug":"as-monaco-pone-punto-final-al-fichaje-de-erik-lira-con-un-usted-disculpe","status":"publish","type":"post","link":"https:\/\/portaltactica.com\/?p=108602","title":{"rendered":"AS M\u00f3naco pone punto final al fichaje de Erik Lira con un \u201custed disculpe\u201d"},"content":{"rendered":"\n<p class=\"wp-block-paragraph\">Thiago Scuro, director deportivo del AS M\u00f3naco, ofreci\u00f3 disculpas p\u00fablicas a menos de 24 horas de que se cayera de forma definitiva el fichaje de Erik Lira. Un contratiempo administrativo de \u00faltima hora, no resuelto por la mesa directiva del conjunto del principado, frustr\u00f3 por completo el anhelo del mediocampista de la Selecci\u00f3n Mexicana de emigrar al futbol europeo en este mercado de verano.<\/p>\n\n\n\n<p class=\"wp-block-paragraph\">Aunque exist\u00eda un acuerdo total y firmado entre ambas directivas y el propio jugador tricolor, la incorporaci\u00f3n del internacional mexicano depend\u00eda exclusivamente de la salida previa del delantero estadounidense Folarin Balogun.&nbsp;<\/p>\n\n\n\n<p class=\"wp-block-paragraph\">A menos de una hora de que expirara el cierre definitivo de registros en el balompi\u00e9 del Viejo Continente, el traspaso de Balogun al Everton de la Premier League se colaps\u00f3 por completo, echando abajo en un efecto domin\u00f3 la operaci\u00f3n por el futbolista de La M\u00e1quina.<\/p>\n\n\n\n<p class=\"wp-block-paragraph\">Frente al duro golpe medi\u00e1tico, el directivo Thiago Scuro compareci\u00f3 ante los medios oficiales para desglosar lo ocurrido en los escritorios:<\/p>\n\n\n\n<p class=\"wp-block-paragraph\">Est\u00e1bamos muy tristes ayer, por toda la situaci\u00f3n con Erik Lira y por nuestra relaci\u00f3n con Cruz Azul, a quienes queremos agradecerles la forma como se comportaron con nosotros. El acuerdo estaba listo, el jugador estaba listo para hacer el viaje una vez que apret\u00e1ramos el bot\u00f3n, pero hab\u00eda un tema en el acuerdo de que se activar\u00eda con el sitio (en la plantilla) de Balogun. Y por eso, no fuimos capaces de traer a Erik Lira, lo cual era nuestro deseo. Esperamos que pueda (Erik Lira) dar un paso fuerte en Europa, es una persona maravillosa, por todas los conversaciones que tuvimos, y eso es lo triste por lo que tuvimos que afrontar ayer al decirle al jugador que lo sent\u00edamos, que lo deseabamos hacer. Esto es muy humano, es la parte dif\u00edcil del trabajo\u201d.<\/p>\n\n\n\n<p class=\"wp-block-paragraph\">Asimismo, Scuro evit\u00f3 comprometerse formalmente a reactivar la contrataci\u00f3n de la joya cementera en la siguiente ventana invernal de transferencias: \u201cNo estamos en una posici\u00f3n de pedirles (a Lira y a Cruz Azul) que esperen, pero seguro, que es un jugador que tiene toda nuestra atenci\u00f3n y respeto\u201d. <\/p>\n\n\n\n<figure class=\"wp-block-embed is-type-rich is-provider-x wp-block-embed-x\"><div class=\"wp-block-embed__wrapper\">\n<div class=\"embed-x\"><blockquote class=\"twitter-tweet\" data-width=\"550\" data-dnt=\"true\"><p lang=\"es\" dir=\"ltr\">&quot;No hubo oferta por Lira del M\u00f3naco&quot;<br>&quot;No hubo acuerdo nunca por Lira&quot;<br><br>Y varias jaladas m\u00e1s que dijeron varios paladines de la verdad en esta red social&#8230; Bueno, aqu\u00ed est\u00e1 el Presidente del AS M\u00f3naco, confirmando que hubo oferta, negociaci\u00f3n y acuerdo cerrado por Lira. Al final\u2026 <a href=\"https:\/\/t.co\/w2liY1vufW\">pic.twitter.com\/w2liY1vufW<\/a><\/p>&mdash; Kery! (@KeryNews) <a href=\"https:\/\/x.com\/KeryNews\/status\/2095133180890116391?ref_src=twsrc%5Etfw\">September 2, 2026<\/a><\/blockquote><script async src=\"https:\/\/platform.x.com\/widgets.js\" charset=\"utf-8\"><\/script><\/div>\n<\/div><\/figure>\n\n\n\n<p class=\"wp-block-paragraph\">Tras frustrarse su traspaso a Francia, Lira \u2014quien trabajaba de forma diferenciada con la escuadra celeste ante el avance de las negociaciones en Europa\u2014 se reincorpor\u00f3 de inmediato a los entrenamientos al parejo del grupo bajo las \u00f3rdenes de Mart\u00edn Anselmi. Con esto, el mediocentro estar\u00e1 plenamente disponible para ingresar en la convocatoria del pr\u00f3ximo domingo frente a Santos Laguna en la reactivaci\u00f3n de la Liga MX.<\/p>\n<div class='share-to-whatsapp-wrapper'><div class='share-on-whsp'>Share on: <\/div><a data-text='AS M\u00f3naco pone punto final al fichaje de Erik Lira con un \u201custed disculpe\u201d' data-link='https:\/\/portaltactica.com\/?p=108602' class='whatsapp-button whatsapp-share'>WhatsApp<\/a><div class='clear '><\/div><\/div>","protected":false},"excerpt":{"rendered":"<p>Thiago Scuro, director deportivo del AS M\u00f3naco, ofreci\u00f3 disculpas p\u00fablicas a menos de 24 horas de que se cayera de forma&hellip;<\/p>\n","protected":false},"author":2,"featured_media":108603,"comment_status":"closed","ping_status":"closed","sticky":false,"template":"","format":"standard","meta":{"advanced_seo_description":"","jetpack_seo_html_title":"","jetpack_seo_noindex":false,"jetpack_seo_schema_type":"","_jetpack_newsletter_access":"","_jetpack_dont_email_post_to_subs":false,"_jetpack_newsletter_tier_id":0,"_jetpack_memberships_contains_paywalled_content":false,"_jetpack_feature_clip_id":0,"_jetpack_memberships_contains_paid_content":false,"footnotes":"","jetpack_publicize_message":"","jetpack_publicize_feature_enabled":true,"jetpack_social_post_already_shared":true,"jetpack_social_options":{"image_generator_settings":{"template":"highway","default_image_id":0,"font":"","enabled":false},"version":2},"jetpack_post_was_ever_published":false},"categories":[1896],"tags":[],"class_list":["post-108602","post","type-post","status-publish","format-standard","has-post-thumbnail","hentry","category-destacado-portada"],"jetpack_publicize_connections":[],"jetpack_sharing_enabled":true,"jetpack_featured_media_url":"https:\/\/portaltactica.com\/wp-content\/uploads\/2026\/09\/3-1.jpg","_links":{"self":[{"href":"https:\/\/portaltactica.com\/index.php?rest_route=\/wp\/v2\/posts\/108602","targetHints":{"allow":["GET"]}}],"collection":[{"href":"https:\/\/portaltactica.com\/index.php?rest_route=\/wp\/v2\/posts"}],"about":[{"href":"https:\/\/portaltactica.com\/index.php?rest_route=\/wp\/v2\/types\/post"}],"author":[{"embeddable":true,"href":"https:\/\/portaltactica.com\/index.php?rest_route=\/wp\/v2\/users\/2"}],"replies":[{"embeddable":true,"href":"https:\/\/portaltactica.com\/index.php?rest_route=%2Fwp%2Fv2%2Fcomments&post=108602"}],"version-history":[{"count":1,"href":"https:\/\/portaltactica.com\/index.php?rest_route=\/wp\/v2\/posts\/108602\/revisions"}],"predecessor-version":[{"id":108604,"href":"https:\/\/portaltactica.com\/index.php?rest_route=\/wp\/v2\/posts\/108602\/revisions\/108604"}],"wp:featuredmedia":[{"embeddable":true,"href":"https:\/\/portaltactica.com\/index.php?rest_route=\/wp\/v2\/media\/108603"}],"wp:attachment":[{"href":"https:\/\/portaltactica.com\/index.php?rest_route=%2Fwp%2Fv2%2Fmedia&parent=108602"}],"wp:term":[{"taxonomy":"category","embeddable":true,"href":"https:\/\/portaltactica.com\/index.php?rest_route=%2Fwp%2Fv2%2Fcategories&post=108602"},{"taxonomy":"post_tag","embeddable":true,"href":"https:\/\/portaltactica.com\/index.php?rest_route=%2Fwp%2Fv2%2Ftags&post=108602"}],"curies":[{"name":"wp","href":"https:\/\/api.w.org\/{rel}","templated":true}]}}