{"id":108595,"date":"2026-09-02T05:53:47","date_gmt":"2026-09-02T12:53:47","guid":{"rendered":"https:\/\/portaltactica.com\/?p=108595"},"modified":"2026-09-02T05:53:47","modified_gmt":"2026-09-02T12:53:47","slug":"se-reune-imdem-con-comites-deportivos","status":"publish","type":"post","link":"https:\/\/portaltactica.com\/?p=108595","title":{"rendered":"Se re\u00fane Imdem con comit\u00e9s deportivos"},"content":{"rendered":"\n<p class=\"wp-block-paragraph\">Buscar\u00e1 el organismo una nueva din\u00e1mica de trabajo para que el deporte crezca con orden y con bases s\u00f3lidas<\/p>\n\n\n\n<p class=\"wp-block-paragraph\">Mazatl\u00e1n, Sinaloa a 1 de septiembre de 2026.- Con el objetivo de impulsar el trabajo en conjunto, el Instituto Municipal del Deporte Mazatl\u00e1n realiz\u00f3 una junta de informaci\u00f3n con los diferentes comit\u00e9s deportivos instituidos en el puerto, en el Sal\u00f3n de Usos M\u00faltiples del Imdem.<\/p>\n\n\n\n<p class=\"wp-block-paragraph\">La pl\u00e1tica estuvo a cargo del director del Imdem, Ezequiel Mora, acompa\u00f1ado por el coordinador de Ligas y Clubes del Instituto, Freddy Cisneros Gonz\u00e1lez, as\u00ed como el titular del \u00d3rgano Interno de Control, Juan Josu\u00e9 Ahumada Morales.<\/p>\n\n\n\n<p class=\"wp-block-paragraph\">&#8220;Queremos comit\u00e9s activos, con los que podamos compartir experiencia, que nos apoyen en desarrollar el deporte en Mazatl\u00e1n, pensando en una sociedad activa, pero con orden y coadyuvando con el Instituto&#8221;, expres\u00f3 Mora Bracamontes.<\/p>\n\n\n\n<p class=\"wp-block-paragraph\">La reuni\u00f3n tuvo m\u00e1s de veinte asistentes, de los deportes de cachibol, voleibol, handball, beisbol 5, tenis de mesa, tiro con arco, charrer\u00eda, judo, luchas asociadas, patinaje, surf y f\u00edsicoconstructivismo.<\/p>\n\n\n\n<p class=\"wp-block-paragraph\">Adem\u00e1s de repasar todos los puntos importantes de la labor de los comit\u00e9s deportivos, se present\u00f3 una propuesta para que estos organismos participen en el proceso de la Olimpiada Nacional 2027. Al finalizar se abri\u00f3 el di\u00e1logo para que todos pudieran expresarse, intercambiar puntos de vista y llegar a acuerdos para trabajar en pro del desarrollo deportivo con el apoyo del Gobierno de Mazatl\u00e1n que encabeza la Presidenta Municipal provisional, Minerva Osuna Zavala.<\/p>\n<div class='share-to-whatsapp-wrapper'><div class='share-on-whsp'>Share on: <\/div><a data-text='Se re\u00fane Imdem con comit\u00e9s deportivos' data-link='https:\/\/portaltactica.com\/?p=108595' class='whatsapp-button whatsapp-share'>WhatsApp<\/a><div class='clear '><\/div><\/div>","protected":false},"excerpt":{"rendered":"<p>Buscar\u00e1 el organismo una nueva din\u00e1mica de trabajo para que el deporte crezca con orden y con bases s\u00f3lidas Mazatl\u00e1n, Sinaloa&hellip;<\/p>\n","protected":false},"author":1,"featured_media":108594,"comment_status":"","ping_status":"","sticky":false,"template":"","format":"standard","meta":{"advanced_seo_description":"","jetpack_seo_html_title":"","jetpack_seo_noindex":false,"jetpack_seo_schema_type":"","_jetpack_newsletter_access":"","_jetpack_dont_email_post_to_subs":false,"_jetpack_newsletter_tier_id":0,"_jetpack_memberships_contains_paywalled_content":false,"_jetpack_feature_clip_id":0,"_jetpack_memberships_contains_paid_content":false,"footnotes":"","jetpack_publicize_message":"","jetpack_publicize_feature_enabled":true,"jetpack_social_post_already_shared":true,"jetpack_social_options":{"image_generator_settings":{"template":"highway","default_image_id":0,"font":"","enabled":false},"version":2},"jetpack_post_was_ever_published":false},"categories":[1899],"tags":[37],"class_list":["post-108595","post","type-post","status-publish","format-standard","has-post-thumbnail","hentry","category-destacado-mazatlan","tag-imdem"],"jetpack_publicize_connections":[],"jetpack_sharing_enabled":true,"jetpack_featured_media_url":"https:\/\/portaltactica.com\/wp-content\/uploads\/2026\/09\/6ca4d8b6-4550-4d55-93cf-71a9cfb6aad3.jpg","_links":{"self":[{"href":"https:\/\/portaltactica.com\/index.php?rest_route=\/wp\/v2\/posts\/108595","targetHints":{"allow":["GET"]}}],"collection":[{"href":"https:\/\/portaltactica.com\/index.php?rest_route=\/wp\/v2\/posts"}],"about":[{"href":"https:\/\/portaltactica.com\/index.php?rest_route=\/wp\/v2\/types\/post"}],"author":[{"embeddable":true,"href":"https:\/\/portaltactica.com\/index.php?rest_route=\/wp\/v2\/users\/1"}],"replies":[{"embeddable":true,"href":"https:\/\/portaltactica.com\/index.php?rest_route=%2Fwp%2Fv2%2Fcomments&post=108595"}],"version-history":[{"count":0,"href":"https:\/\/portaltactica.com\/index.php?rest_route=\/wp\/v2\/posts\/108595\/revisions"}],"wp:featuredmedia":[{"embeddable":true,"href":"https:\/\/portaltactica.com\/index.php?rest_route=\/wp\/v2\/media\/108594"}],"wp:attachment":[{"href":"https:\/\/portaltactica.com\/index.php?rest_route=%2Fwp%2Fv2%2Fmedia&parent=108595"}],"wp:term":[{"taxonomy":"category","embeddable":true,"href":"https:\/\/portaltactica.com\/index.php?rest_route=%2Fwp%2Fv2%2Fcategories&post=108595"},{"taxonomy":"post_tag","embeddable":true,"href":"https:\/\/portaltactica.com\/index.php?rest_route=%2Fwp%2Fv2%2Ftags&post=108595"}],"curies":[{"name":"wp","href":"https:\/\/api.w.org\/{rel}","templated":true}]}}