{"id":108585,"date":"2026-09-01T14:02:25","date_gmt":"2026-09-01T21:02:25","guid":{"rendered":"https:\/\/portaltactica.com\/?p=108585"},"modified":"2026-09-01T14:02:30","modified_gmt":"2026-09-01T21:02:30","slug":"cambio-de-aires-sebastian-caceres-abandona-al-america-y-llega-al-celta","status":"publish","type":"post","link":"https:\/\/portaltactica.com\/?p=108585","title":{"rendered":"\u00a1Cambio de aires! Sebasti\u00e1n C\u00e1ceres abandona al Am\u00e9rica y llega al Celta"},"content":{"rendered":"\n<p class=\"wp-block-paragraph\">Despu\u00e9s de\u00a0d\u00edas de incertidumbre\u00a0y a minutos del cierre de mercado en Espa\u00f1a, el club Celta dio a conocer<strong>\u00a0la contrataci\u00f3n del defensa uruguayo Sebasti\u00e1n C\u00e1ceres<\/strong>, quien dejar\u00e1 un hueco importante de llenar en el Club Am\u00e9rica.\u00a0<\/p>\n\n\n\n<p class=\"wp-block-paragraph\">Con una publicaci\u00f3n en redes sociales, el club de Vigo confirm\u00f3 el traspaso, el cual trabajaron con paciencia debido a que en el club azulcrema no estaban dispuestos a soltarlo.&nbsp;<\/p>\n\n\n\n<p class=\"wp-block-paragraph\">De acuerdo al mensaje,&nbsp;<strong>C\u00e1ceres firm\u00f3 un contrato hasta junio de 2030<\/strong>, un motivo m\u00e1s para pelear por su salida del club azulcrema.&nbsp;<\/p>\n\n\n\n<h2 class=\"wp-block-heading\">Am\u00e9rica no quer\u00eda soltar a C\u00e1ceres<\/h2>\n\n\n\n<p class=\"wp-block-paragraph\">De acuerdo a informaci\u00f3n obtenida por\u00a0<strong>mediotiempo<\/strong>, la negociaci\u00f3n entre Celta y Am\u00e9rica\u00a0atraves\u00f3 por m\u00faltiples impases, debido a que el club mexicano quer\u00eda retenerlo dada la importancia en su cuadro inicial.\u00a0<\/p>\n\n\n\n<p class=\"wp-block-paragraph\"><strong><br>Desde semanas atr\u00e1s las partes involucradas hab\u00edan sostenido conversaciones<\/strong>, aunque hubo momentos en los que la directiva de las \u00c1guilas se tardaban en responder para tensar la negociaci\u00f3n.&nbsp;<\/p>\n\n\n\n<p class=\"wp-block-paragraph\">En Coapa se asegur\u00f3 que ellos siempre estuvieron abiertos a la negociaci\u00f3n con el jugador y el Celta deslind\u00e1ndose, de alguna manera, si el fichaje se cayera.&nbsp;<\/p>\n\n\n\n<p class=\"wp-block-paragraph\">Todav\u00eda el s\u00e1bado, tras la victoria de 2-0 sobre el Puebla, Guillermo Almada hizo ver\u00a0su deseo de la continuidad de C\u00e1ceres y de Brian Rodr\u00edguez, algo que finalmente no sucedi\u00f3 en el caso del zaguero.<\/p>\n\n\n\n<figure class=\"wp-block-embed is-type-rich is-provider-x wp-block-embed-x\"><div class=\"wp-block-embed__wrapper\">\n<div class=\"embed-x\"><blockquote class=\"twitter-tweet\" data-width=\"550\" data-dnt=\"true\"><p lang=\"es\" dir=\"ltr\">\ud835\udde2\ud835\uddd9\ud835\udddc\ud835\uddd6\ud835\udddc\ud835\uddd4\ud835\udddf \ud83d\udce3 Sebasti\u00e1n C\u00e1ceres, novo xogador do Celta!<br><br>Acordo co <a href=\"https:\/\/x.com\/ClubAmerica?ref_src=twsrc%5Etfw\">@ClubAmerica<\/a> polo traspaso do defensa, internacional con <a href=\"https:\/\/x.com\/Uruguay?ref_src=twsrc%5Etfw\">@Uruguay<\/a>, que chega a Vigo ata xu\u00f1o de 2030.<br><br>Benvido, <a href=\"https:\/\/x.com\/Seba4Caceres?ref_src=twsrc%5Etfw\">@Seba4Caceres<\/a> \ud83c\uddfa\ud83c\uddfe\ud83e\ude75 <a href=\"https:\/\/t.co\/oLTIbbqWza\">pic.twitter.com\/oLTIbbqWza<\/a><\/p>&mdash; Celta (@RCCelta) <a href=\"https:\/\/x.com\/RCCelta\/status\/2094878076546994602?ref_src=twsrc%5Etfw\">September 1, 2026<\/a><\/blockquote><script async src=\"https:\/\/platform.x.com\/widgets.js\" charset=\"utf-8\"><\/script><\/div>\n<\/div><\/figure>\n<div class='share-to-whatsapp-wrapper'><div class='share-on-whsp'>Share on: <\/div><a data-text='\u00a1Cambio de aires! Sebasti\u00e1n C\u00e1ceres abandona al Am\u00e9rica y llega al Celta' data-link='https:\/\/portaltactica.com\/?p=108585' class='whatsapp-button whatsapp-share'>WhatsApp<\/a><div class='clear '><\/div><\/div>","protected":false},"excerpt":{"rendered":"<p>Despu\u00e9s de\u00a0d\u00edas de incertidumbre\u00a0y a minutos del cierre de mercado en Espa\u00f1a, el club Celta dio a conocer\u00a0la contrataci\u00f3n del defensa&hellip;<\/p>\n","protected":false},"author":2,"featured_media":108586,"comment_status":"closed","ping_status":"closed","sticky":false,"template":"","format":"standard","meta":{"advanced_seo_description":"","jetpack_seo_html_title":"","jetpack_seo_noindex":false,"jetpack_seo_schema_type":"","_jetpack_newsletter_access":"","_jetpack_dont_email_post_to_subs":false,"_jetpack_newsletter_tier_id":0,"_jetpack_memberships_contains_paywalled_content":false,"_jetpack_feature_clip_id":0,"_jetpack_memberships_contains_paid_content":false,"footnotes":"","jetpack_publicize_message":"","jetpack_publicize_feature_enabled":true,"jetpack_social_post_already_shared":true,"jetpack_social_options":{"image_generator_settings":{"template":"highway","default_image_id":0,"font":"","enabled":false},"version":2},"jetpack_post_was_ever_published":false},"categories":[1897],"tags":[],"class_list":["post-108585","post","type-post","status-publish","format-standard","has-post-thumbnail","hentry","category-destacado-nacional"],"jetpack_publicize_connections":[],"jetpack_sharing_enabled":true,"jetpack_featured_media_url":"https:\/\/portaltactica.com\/wp-content\/uploads\/2026\/09\/15.jpg","_links":{"self":[{"href":"https:\/\/portaltactica.com\/index.php?rest_route=\/wp\/v2\/posts\/108585","targetHints":{"allow":["GET"]}}],"collection":[{"href":"https:\/\/portaltactica.com\/index.php?rest_route=\/wp\/v2\/posts"}],"about":[{"href":"https:\/\/portaltactica.com\/index.php?rest_route=\/wp\/v2\/types\/post"}],"author":[{"embeddable":true,"href":"https:\/\/portaltactica.com\/index.php?rest_route=\/wp\/v2\/users\/2"}],"replies":[{"embeddable":true,"href":"https:\/\/portaltactica.com\/index.php?rest_route=%2Fwp%2Fv2%2Fcomments&post=108585"}],"version-history":[{"count":1,"href":"https:\/\/portaltactica.com\/index.php?rest_route=\/wp\/v2\/posts\/108585\/revisions"}],"predecessor-version":[{"id":108587,"href":"https:\/\/portaltactica.com\/index.php?rest_route=\/wp\/v2\/posts\/108585\/revisions\/108587"}],"wp:featuredmedia":[{"embeddable":true,"href":"https:\/\/portaltactica.com\/index.php?rest_route=\/wp\/v2\/media\/108586"}],"wp:attachment":[{"href":"https:\/\/portaltactica.com\/index.php?rest_route=%2Fwp%2Fv2%2Fmedia&parent=108585"}],"wp:term":[{"taxonomy":"category","embeddable":true,"href":"https:\/\/portaltactica.com\/index.php?rest_route=%2Fwp%2Fv2%2Fcategories&post=108585"},{"taxonomy":"post_tag","embeddable":true,"href":"https:\/\/portaltactica.com\/index.php?rest_route=%2Fwp%2Fv2%2Ftags&post=108585"}],"curies":[{"name":"wp","href":"https:\/\/api.w.org\/{rel}","templated":true}]}}