{"id":108574,"date":"2026-09-01T12:02:12","date_gmt":"2026-09-01T19:02:12","guid":{"rendered":"https:\/\/portaltactica.com\/?p=108574"},"modified":"2026-09-01T12:02:26","modified_gmt":"2026-09-01T19:02:26","slug":"sale-en-defensa-del-barcelona-lamine-yamal-habla-tras-el-fichaje-fallido-de-julian-alvarez","status":"publish","type":"post","link":"https:\/\/portaltactica.com\/?p=108574","title":{"rendered":"\u00a1Sale en defensa del Barcelona! Lamine Yamal habla tras el fichaje fallido de Juli\u00e1n \u00c1lvarez"},"content":{"rendered":"\n<p class=\"wp-block-paragraph\">Lamine Yamal asegur\u00f3 con firmeza que el FC Barcelona no padece ninguna falta de gol de cara a la presente temporada. Durante su esperada intervenci\u00f3n en la Gala de la Asociaci\u00f3n de Futbolistas Espa\u00f1oles (AFE), celebrada en Madrid este martes 1 de septiembre, el atacante cul\u00e9 abord\u00f3 sin rodeos las preguntas de la prensa sobre el frustrado fichaje del argentino Juli\u00e1n \u00c1lvarez en el mercado de transferencias.<\/p>\n\n\n\n<p class=\"wp-block-paragraph\">Al ser consultado directamente por los micr\u00f3fonos de El Partidazo de COPE sobre el caso de la &#8216;La Ara\u00f1a&#8217;, el joven extremo de 19 a\u00f1os fue contundente al defender la solidez del proyecto deportivo azulgrana: &#8220;Estamos en una situaci\u00f3n excelente. Es evidente que no nos faltan goles&#8221;, declar\u00f3 de forma tajante, restando importancia a las dudas externas.<\/p>\n\n\n\n<p class=\"wp-block-paragraph\">Sus declaraciones llegaron apenas un d\u00eda despu\u00e9s de que el cuadro catal\u00e1n lograra otro triunfo por goleada en LaLiga, precisamente con un espectacular doblete del propio Yamal. A pesar de elogiar la calidad de Juli\u00e1n \u00c1lvarez, a quien defini\u00f3 como un futbolista magn\u00edfico, enfatiz\u00f3 que se siente sumamente feliz y respaldado por la plantilla actual que comanda el director t\u00e9cnico alem\u00e1n Hansi Flick.<\/p>\n\n\n\n<p class=\"wp-block-paragraph\">Para el canterano, el grupo posee el nivel necesario para afrontar el exigente calendario sin depender de incorporaciones medi\u00e1ticas de \u00faltima hora. Las palabras de la joya de la Mas\u00eda se ven respaldadas por el arranque del torneo local, donde la escuadra disip\u00f3 cualquier sospecha de sequ\u00eda ofensiva tras registrar 12 goles en los primeros tres partidos oficiales, mostrando una efectividad brutal de cara a la porter\u00eda. <\/p>\n\n\n\n<figure class=\"wp-block-embed is-type-rich is-provider-x wp-block-embed-x\"><div class=\"wp-block-embed__wrapper\">\n<div class=\"embed-x\"><blockquote class=\"twitter-tweet\" data-width=\"550\" data-dnt=\"true\"><p lang=\"es\" dir=\"ltr\">\ud83d\udc51 \u00a1As\u00ed ha llegado Lamine Yamal a la Gala de los V <a href=\"https:\/\/x.com\/hashtag\/PremiosAFE?src=hash&amp;ref_src=twsrc%5Etfw\">#PremiosAFE<\/a>! <br><br>\u00a1El &#39;Mejor Jugador de Primera Divisi\u00f3n&#39; ya est\u00e1 en Florida Park! <a href=\"https:\/\/t.co\/TqirEu5r6O\">https:\/\/t.co\/TqirEu5r6O<\/a> <a href=\"https:\/\/t.co\/AY5B5eHJbj\">pic.twitter.com\/AY5B5eHJbj<\/a><\/p>&mdash; AFE (@afefutbol) <a href=\"https:\/\/x.com\/afefutbol\/status\/2094829744457990596?ref_src=twsrc%5Etfw\">September 1, 2026<\/a><\/blockquote><script async src=\"https:\/\/platform.x.com\/widgets.js\" charset=\"utf-8\"><\/script><\/div>\n<\/div><\/figure>\n\n\n\n<p class=\"wp-block-paragraph\">La revoluci\u00f3n t\u00e1ctica en el eje del ataque cul\u00e9<br>Tras haberse consagrado previamente como la gran figura en los torneos internacionales, las metas de Lamine Yamal para esta campa\u00f1a se mantienen en el m\u00e1ximo nivel competitivo, apuntando todos sus ca\u00f1ones a la conquista de la UEFA Champions League.<\/p>\n\n\n\n<p class=\"wp-block-paragraph\">Ante el armado final de la plantilla, el Barcelona afrontar\u00e1 el primer tramo de la temporada 2026-2027 bajo el siguiente esquema en la delantera:<\/p>\n\n\n\n<p class=\"wp-block-paragraph\">Centrodelantero titular: El brasile\u00f1o Raphinha asumir\u00e1 el rol estelar tras marcar cinco tantos en el arranque liguero.<br>Alternativa de lujo: El reci\u00e9n llegado Gabriel Jesus esperar\u00e1 su oportunidad desde el banquillo tras aprobar sus ex\u00e1menes m\u00e9dicos. <\/p>\n<div class='share-to-whatsapp-wrapper'><div class='share-on-whsp'>Share on: <\/div><a data-text='\u00a1Sale en defensa del Barcelona! Lamine Yamal habla tras el fichaje fallido de Juli\u00e1n \u00c1lvarez' data-link='https:\/\/portaltactica.com\/?p=108574' class='whatsapp-button whatsapp-share'>WhatsApp<\/a><div class='clear '><\/div><\/div>","protected":false},"excerpt":{"rendered":"<p>Lamine Yamal asegur\u00f3 con firmeza que el FC Barcelona no padece ninguna falta de gol de cara a la presente temporada.&hellip;<\/p>\n","protected":false},"author":2,"featured_media":108576,"comment_status":"closed","ping_status":"closed","sticky":false,"template":"","format":"standard","meta":{"advanced_seo_description":"","jetpack_seo_html_title":"","jetpack_seo_noindex":false,"jetpack_seo_schema_type":"","_jetpack_newsletter_access":"","_jetpack_dont_email_post_to_subs":false,"_jetpack_newsletter_tier_id":0,"_jetpack_memberships_contains_paywalled_content":false,"_jetpack_feature_clip_id":0,"_jetpack_memberships_contains_paid_content":false,"footnotes":"","jetpack_publicize_message":"","jetpack_publicize_feature_enabled":true,"jetpack_social_post_already_shared":true,"jetpack_social_options":{"image_generator_settings":{"template":"highway","default_image_id":0,"font":"","enabled":false},"version":2},"jetpack_post_was_ever_published":false},"categories":[1896],"tags":[],"class_list":["post-108574","post","type-post","status-publish","format-standard","has-post-thumbnail","hentry","category-destacado-portada"],"jetpack_publicize_connections":[],"jetpack_sharing_enabled":true,"jetpack_featured_media_url":"https:\/\/portaltactica.com\/wp-content\/uploads\/2026\/09\/12-1.jpeg","_links":{"self":[{"href":"https:\/\/portaltactica.com\/index.php?rest_route=\/wp\/v2\/posts\/108574","targetHints":{"allow":["GET"]}}],"collection":[{"href":"https:\/\/portaltactica.com\/index.php?rest_route=\/wp\/v2\/posts"}],"about":[{"href":"https:\/\/portaltactica.com\/index.php?rest_route=\/wp\/v2\/types\/post"}],"author":[{"embeddable":true,"href":"https:\/\/portaltactica.com\/index.php?rest_route=\/wp\/v2\/users\/2"}],"replies":[{"embeddable":true,"href":"https:\/\/portaltactica.com\/index.php?rest_route=%2Fwp%2Fv2%2Fcomments&post=108574"}],"version-history":[{"count":1,"href":"https:\/\/portaltactica.com\/index.php?rest_route=\/wp\/v2\/posts\/108574\/revisions"}],"predecessor-version":[{"id":108577,"href":"https:\/\/portaltactica.com\/index.php?rest_route=\/wp\/v2\/posts\/108574\/revisions\/108577"}],"wp:featuredmedia":[{"embeddable":true,"href":"https:\/\/portaltactica.com\/index.php?rest_route=\/wp\/v2\/media\/108576"}],"wp:attachment":[{"href":"https:\/\/portaltactica.com\/index.php?rest_route=%2Fwp%2Fv2%2Fmedia&parent=108574"}],"wp:term":[{"taxonomy":"category","embeddable":true,"href":"https:\/\/portaltactica.com\/index.php?rest_route=%2Fwp%2Fv2%2Fcategories&post=108574"},{"taxonomy":"post_tag","embeddable":true,"href":"https:\/\/portaltactica.com\/index.php?rest_route=%2Fwp%2Fv2%2Ftags&post=108574"}],"curies":[{"name":"wp","href":"https:\/\/api.w.org\/{rel}","templated":true}]}}