{"id":108568,"date":"2026-09-01T11:50:39","date_gmt":"2026-09-01T18:50:39","guid":{"rendered":"https:\/\/portaltactica.com\/?p=108568"},"modified":"2026-09-01T11:50:44","modified_gmt":"2026-09-01T18:50:44","slug":"se-tambalea-argentina-paredes-considera-no-continuar-tras-la-despedida-de-messi","status":"publish","type":"post","link":"https:\/\/portaltactica.com\/?p=108568","title":{"rendered":"\u00a1Se tambalea Argentina! Paredes considera no continuar tras la despedida de Messi"},"content":{"rendered":"\n<p class=\"wp-block-paragraph\">La decisi\u00f3n de&nbsp;Lionel Messi de retirarse de la Selecci\u00f3n Argentina&nbsp;podr\u00eda provocar otra baja importante en la Albiceleste.&nbsp;Leandro Paredes, mediocampista de Boca Juniors, reconoci\u00f3 que ve complicada su continuidad con el combinado nacional, especialmente ante la ausencia de su compa\u00f1ero y la suspensi\u00f3n de 10 partidos que recibi\u00f3 tras los altercados en la Final del Mundial 2026.<\/p>\n\n\n\n<p class=\"wp-block-paragraph\">Paredes admiti\u00f3 que ambos factores podr\u00edan influir en su futuro con Argentina y se\u00f1al\u00f3 que todav\u00eda no ha hablado con el t\u00e9cnico&nbsp;Lionel Scaloni&nbsp;para comunicarle su decisi\u00f3n.<\/p>\n\n\n\n<p class=\"wp-block-paragraph\">Va a ser dif\u00edcil que siga, por todo lo que est\u00e1 pasando, por la suspensi\u00f3n que tengo y por la decisi\u00f3n de Leo. Creo que el que no est\u00e9 \u00e9l va a hacer dif\u00edcil que todo siga funcionando igual; seguramente ser\u00e1 una decisi\u00f3n muy dif\u00edcil\u201d, expres\u00f3 el futbolista. <\/p>\n\n\n\n<figure class=\"wp-block-embed is-type-rich is-provider-x wp-block-embed-x\"><div class=\"wp-block-embed__wrapper\">\n<div class=\"embed-x\"><blockquote class=\"twitter-tweet\" data-width=\"550\" data-dnt=\"true\"><p lang=\"es\" dir=\"ltr\">\ud83d\udea8\ud83c\udde6\ud83c\uddf7 Leandro Paredes puso en duda su continuidad en la Selecci\u00f3n Argentina: &quot;VA A SER DIF\u00cdCIL QUE SIGA&#8230;&quot;. <a href=\"https:\/\/t.co\/Yik25ND525\">pic.twitter.com\/Yik25ND525<\/a><\/p>&mdash; TyC Sports (@TyCSports) <a href=\"https:\/\/x.com\/TyCSports\/status\/2094802336161972638?ref_src=twsrc%5Etfw\">September 1, 2026<\/a><\/blockquote><script async src=\"https:\/\/platform.x.com\/widgets.js\" charset=\"utf-8\"><\/script><\/div>\n<\/div><\/figure>\n\n\n\n<p class=\"wp-block-paragraph\">Paredes hablar\u00e1 con Scaloni sobre su futuro<br>El mediocampista de Boca Juniors explic\u00f3 que a\u00fan no ha tenido una conversaci\u00f3n con Scaloni para definir su situaci\u00f3n, aunque adelant\u00f3 que pr\u00f3ximamente buscar\u00e1 al entrenador para hablar sobre su futuro con la Selecci\u00f3n Argentina.<\/p>\n\n\n\n<p class=\"wp-block-paragraph\">No lo habl\u00e9 con el entrenador (Lionel Scaloni), seguramente lo hablar\u00e9 con \u00e9l, veremos la decisi\u00f3n que se tome, pero ser\u00e1 dif\u00edcil\u201d, manifest\u00f3.<\/p>\n\n\n\n<p class=\"wp-block-paragraph\">La posible salida de Paredes representar\u00eda otro cambio para una\u00a0Selecci\u00f3n Argentina\u00a0que atraviesa una etapa de transformaci\u00f3n despu\u00e9s de varios a\u00f1os en los que consigui\u00f3 importantes t\u00edtulos con Messi como uno de sus principales referentes. <\/p>\n\n\n\n<figure class=\"wp-block-embed is-type-rich is-provider-x wp-block-embed-x\"><div class=\"wp-block-embed__wrapper\">\n<div class=\"embed-x\"><blockquote class=\"twitter-tweet\" data-width=\"550\" data-dnt=\"true\"><p lang=\"es\" dir=\"ltr\">&quot;EL LEGADO DE \u00c9L VA A QUEDAR PARA SIEMPRE&quot; \ud83c\udde6\ud83c\uddf7<br><br>Leandro Paredes se refiri\u00f3 a Leo Messi y su retiro de la Selecci\u00f3n: &quot;Nosotros los sab\u00edamos pero no est\u00e1bamos preparados para eso. Duele por todo lo que significa \u00e9l para nosotros&quot;.<br><br>\ud83c\udf99\ufe0f <a href=\"https:\/\/x.com\/Tato_Aguilera?ref_src=twsrc%5Etfw\">@Tato_Aguilera<\/a> <a href=\"https:\/\/t.co\/HxUSwINQRF\">pic.twitter.com\/HxUSwINQRF<\/a><\/p>&mdash; TyC Sports (@TyCSports) <a href=\"https:\/\/x.com\/TyCSports\/status\/2094809148818870313?ref_src=twsrc%5Etfw\">September 1, 2026<\/a><\/blockquote><script async src=\"https:\/\/platform.x.com\/widgets.js\" charset=\"utf-8\"><\/script><\/div>\n<\/div><\/figure>\n\n\n\n<p class=\"wp-block-paragraph\">Paredes reconoce que la vara qued\u00f3 muy alta<br>Adem\u00e1s de hablar sobre su propio futuro, Paredes reconoci\u00f3 que ser\u00e1 complicado para Argentina mantener el nivel competitivo que ha mostrado en los \u00faltimos a\u00f1os y continuar peleando por los principales trofeos.<\/p>\n\n\n\n<p class=\"wp-block-paragraph\">La vara est\u00e1 muy alta, la verdad dejamos la vara muy alta y seguir compitiendo por cosas importantes va a ser dif\u00edcil\u201d, apunt\u00f3.<br>El futbolista destac\u00f3 el grupo que se construy\u00f3 alrededor de la Albiceleste durante los \u00faltimos a\u00f1os y subray\u00f3 la importancia que tuvo Messi dentro de ese proceso.<\/p>\n\n\n\n<p class=\"wp-block-paragraph\">En estos \u00faltimos a\u00f1os hemos formado un grupo de jugadores y personas incre\u00edbles y en ese grupo ten\u00edamos a Leo y ahora \u00e9l ya no est\u00e1 tambi\u00e9n\u201d, a\u00f1adi\u00f3 Paredes.<\/p>\n\n\n\n<p class=\"wp-block-paragraph\">Con la ausencia de Messi y su propia suspensi\u00f3n,\u00a0Leandro Paredes dej\u00f3 abierta la posibilidad de no continuar con la Selecci\u00f3n Argentina, aunque su decisi\u00f3n final todav\u00eda depender\u00e1 de la conversaci\u00f3n que sostenga con Lionel Scaloni. <\/p>\n<div class='share-to-whatsapp-wrapper'><div class='share-on-whsp'>Share on: <\/div><a data-text='\u00a1Se tambalea Argentina! Paredes considera no continuar tras la despedida de Messi' data-link='https:\/\/portaltactica.com\/?p=108568' class='whatsapp-button whatsapp-share'>WhatsApp<\/a><div class='clear '><\/div><\/div>","protected":false},"excerpt":{"rendered":"<p>La decisi\u00f3n de&nbsp;Lionel Messi de retirarse de la Selecci\u00f3n Argentina&nbsp;podr\u00eda provocar otra baja importante en la Albiceleste.&nbsp;Leandro Paredes, mediocampista de Boca&hellip;<\/p>\n","protected":false},"author":2,"featured_media":108569,"comment_status":"closed","ping_status":"closed","sticky":false,"template":"","format":"standard","meta":{"advanced_seo_description":"","jetpack_seo_html_title":"","jetpack_seo_noindex":false,"jetpack_seo_schema_type":"","_jetpack_newsletter_access":"","_jetpack_dont_email_post_to_subs":false,"_jetpack_newsletter_tier_id":0,"_jetpack_memberships_contains_paywalled_content":false,"_jetpack_feature_clip_id":0,"_jetpack_memberships_contains_paid_content":false,"footnotes":"","jetpack_publicize_message":"","jetpack_publicize_feature_enabled":true,"jetpack_social_post_already_shared":true,"jetpack_social_options":{"image_generator_settings":{"template":"highway","default_image_id":0,"font":"","enabled":false},"version":2},"jetpack_post_was_ever_published":false},"categories":[1898],"tags":[],"class_list":["post-108568","post","type-post","status-publish","format-standard","has-post-thumbnail","hentry","category-destacado-internacional"],"jetpack_publicize_connections":[],"jetpack_sharing_enabled":true,"jetpack_featured_media_url":"https:\/\/portaltactica.com\/wp-content\/uploads\/2026\/09\/10.jpg","_links":{"self":[{"href":"https:\/\/portaltactica.com\/index.php?rest_route=\/wp\/v2\/posts\/108568","targetHints":{"allow":["GET"]}}],"collection":[{"href":"https:\/\/portaltactica.com\/index.php?rest_route=\/wp\/v2\/posts"}],"about":[{"href":"https:\/\/portaltactica.com\/index.php?rest_route=\/wp\/v2\/types\/post"}],"author":[{"embeddable":true,"href":"https:\/\/portaltactica.com\/index.php?rest_route=\/wp\/v2\/users\/2"}],"replies":[{"embeddable":true,"href":"https:\/\/portaltactica.com\/index.php?rest_route=%2Fwp%2Fv2%2Fcomments&post=108568"}],"version-history":[{"count":1,"href":"https:\/\/portaltactica.com\/index.php?rest_route=\/wp\/v2\/posts\/108568\/revisions"}],"predecessor-version":[{"id":108570,"href":"https:\/\/portaltactica.com\/index.php?rest_route=\/wp\/v2\/posts\/108568\/revisions\/108570"}],"wp:featuredmedia":[{"embeddable":true,"href":"https:\/\/portaltactica.com\/index.php?rest_route=\/wp\/v2\/media\/108569"}],"wp:attachment":[{"href":"https:\/\/portaltactica.com\/index.php?rest_route=%2Fwp%2Fv2%2Fmedia&parent=108568"}],"wp:term":[{"taxonomy":"category","embeddable":true,"href":"https:\/\/portaltactica.com\/index.php?rest_route=%2Fwp%2Fv2%2Fcategories&post=108568"},{"taxonomy":"post_tag","embeddable":true,"href":"https:\/\/portaltactica.com\/index.php?rest_route=%2Fwp%2Fv2%2Ftags&post=108568"}],"curies":[{"name":"wp","href":"https:\/\/api.w.org\/{rel}","templated":true}]}}