{"id":108549,"date":"2026-09-01T11:08:57","date_gmt":"2026-09-01T18:08:57","guid":{"rendered":"https:\/\/portaltactica.com\/?p=108549"},"modified":"2026-09-01T11:09:04","modified_gmt":"2026-09-01T18:09:04","slug":"dt-de-corto-plazo-corea-del-sur-anuncia-nuevo-entrenador-para-seis-partidos","status":"publish","type":"post","link":"https:\/\/portaltactica.com\/?p=108549","title":{"rendered":"\u00a1DT de corto plazo! Corea del Sur anuncia nuevo entrenador para seis partidos"},"content":{"rendered":"\n<p class=\"wp-block-paragraph\">El espa\u00f1ol&nbsp;<strong>Robert Moreno&nbsp;<\/strong>fue nombrado<strong>&nbsp;seleccionador interino&nbsp;<\/strong>de la selecci\u00f3n de&nbsp;<strong>Corea del Sur<\/strong>, combinado al que dirigir\u00e1 inicialmente durante&nbsp;<strong>6 partidos<\/strong>, con la posibilidad de continuar hasta la<strong>&nbsp;Copa Asi\u00e1tica de 2027<\/strong>, seg\u00fan anunci\u00f3 este martes la&nbsp;<strong>Asociaci\u00f3n de Futbol&nbsp;<\/strong>de ese pa\u00eds&nbsp;<strong>(KFA).<\/strong><\/p>\n\n\n\n<p class=\"wp-block-paragraph\">La junta directiva de la&nbsp;<strong>KFA&nbsp;<\/strong>aprob\u00f3 la contrataci\u00f3n de&nbsp;<strong>Moreno<\/strong>, de 48 a\u00f1os, y de otros cinco integrantes de su cuerpo t\u00e9cnico, todos ellos espa\u00f1oles, para cubrir el puesto que permanec\u00eda vacante desde el&nbsp;<strong>Mundial 2026<\/strong>, seg\u00fan un comunicado de la asociaci\u00f3n.<\/p>\n\n\n\n<h2 class=\"wp-block-heading\">\u00bfC\u00f3mo es el contrato de&nbsp;Robert Moreno comom DT de Corea del Sur?<\/h2>\n\n\n\n<p class=\"wp-block-paragraph\">El contrato del t\u00e9cnico se extender\u00e1 hasta el pr\u00f3ximo&nbsp;<strong>27 de noviembre&nbsp;<\/strong>y abarcar\u00e1<strong>&nbsp;seis encuentros internacionales,<\/strong>&nbsp;incluidos cuatro amistosos entre septiembre y octubre, tras los cuales la federaci\u00f3n evaluar\u00e1 su trabajo con el potencial de ampliar su etapa hasta la<strong>&nbsp;Copa Asi\u00e1tica de Arabia Saud\u00ed<\/strong>&nbsp;a principios de 2027.<\/p>\n\n\n\n<figure class=\"wp-block-embed is-type-rich is-provider-x wp-block-embed-x\"><div class=\"wp-block-embed__wrapper\">\n<div class=\"embed-x\"><blockquote class=\"twitter-tweet\" data-width=\"550\" data-dnt=\"true\"><p lang=\"ko\" dir=\"ltr\">[<a href=\"https:\/\/x.com\/hashtag\/NOTICE?src=hash&amp;ref_src=twsrc%5Etfw\">#NOTICE<\/a>] \ud83c\uddf0\ud83c\uddf7\ub300\ud55c\ubbfc\uad6d \ucd95\uad6c\uad6d\uac00\ub300\ud45c\ud300 \uc784\uc2dc \uac10\ub3c5\uc5d0 <a href=\"https:\/\/x.com\/hashtag\/%EB%A1%9C%EB%B2%A0%EB%A5%B4%ED%86%A0%EB%AA%A8%EB%A0%88%EB%85%B8?src=hash&amp;ref_src=twsrc%5Etfw\">#\ub85c\ubca0\ub974\ud1a0\ubaa8\ub808\ub178<\/a> \uac10\ub3c5 \uc120\uc784<br><br>KFA\ub294 \uacf5\uac1c\ucc44\uc6a9\uc744 \ud1b5\ud574 9\uc6d4\ubd80\ud130 11\uc6d4\uae4c\uc9c0 A\ub9e4\uce58 \uc708\ub3c4\uc6b0 \uae30\uac04 \ub3d9\uc548 \ub300\ud45c\ud300\uc744 \uc774\ub04c \uc784\uc2dc \uac10\ub3c5\uc73c\ub85c \ub85c\ubca0\ub974\ud1a0 \ubaa8\ub808\ub178 \uac10\ub3c5\uc744 \uc120\uc784\ud588\uc2b5\ub2c8\ub2e4.<a href=\"https:\/\/x.com\/hashtag\/%EB%8C%80%ED%95%9C%EB%AF%BC%EA%B5%AD?src=hash&amp;ref_src=twsrc%5Etfw\">#\ub300\ud55c\ubbfc\uad6d<\/a> <a href=\"https:\/\/x.com\/hashtag\/%EC%B6%95%EA%B5%AC%EA%B5%AD%EA%B0%80%EB%8C%80%ED%91%9C%ED%8C%80?src=hash&amp;ref_src=twsrc%5Etfw\">#\ucd95\uad6c\uad6d\uac00\ub300\ud45c\ud300<\/a> <a href=\"https:\/\/x.com\/hashtag\/%EC%9E%84%EC%8B%9C%EA%B0%90%EB%8F%85?src=hash&amp;ref_src=twsrc%5Etfw\">#\uc784\uc2dc\uac10\ub3c5<\/a> <a href=\"https:\/\/t.co\/YC7aaAu0Bt\">pic.twitter.com\/YC7aaAu0Bt<\/a><\/p>&mdash; theKFA (@theKFA) <a href=\"https:\/\/x.com\/theKFA\/status\/2094612990154985767?ref_src=twsrc%5Etfw\">September 1, 2026<\/a><\/blockquote><script async src=\"https:\/\/platform.x.com\/widgets.js\" charset=\"utf-8\"><\/script><\/div>\n<\/div><\/figure>\n\n\n\n<p class=\"wp-block-paragraph\"><strong>Moreno&nbsp;<\/strong>debutar\u00e1 el<strong>&nbsp;24 de septiembre<\/strong>&nbsp;ante&nbsp;<strong>Ecuador&nbsp;<\/strong>en Corea del Sur y cuatro d\u00edas despu\u00e9s se enfrentar\u00e1 a&nbsp;<strong>Uruguay<\/strong>, mientras que en octubre el combinado surcoreano jugar\u00e1 contra&nbsp;<strong>Venezuela<\/strong>, el d\u00eda 2, y&nbsp;<strong>Uzbekist\u00e1n<\/strong>, el 6.<\/p>\n\n\n\n<p class=\"wp-block-paragraph\">El espa\u00f1ol, quien fue asistente de&nbsp;<strong>Luis Enrique Mart\u00ednez<\/strong>&nbsp;durante su paso por la selecci\u00f3n espa\u00f1ola, dirigi\u00f3&nbsp;<strong>9 partidos<\/strong>&nbsp;al equipo nacional en&nbsp;<strong>2019<\/strong>, primero durante la ausencia de&nbsp;<strong>Mart\u00ednez&nbsp;<\/strong>y posteriormente tras su salida del cargo.<\/p>\n\n\n\n<p class=\"wp-block-paragraph\">Tras su paso por el equipo de su pa\u00eds, dirigi\u00f3 al&nbsp;<strong>M\u00f3naco&nbsp;<\/strong>franc\u00e9s, al&nbsp;<strong>Granada&nbsp;<\/strong>de Espa\u00f1a y, por \u00faltimo, al&nbsp;<strong>Sochi&nbsp;<\/strong>ruso, en el que estuvo al frente hasta septiembre de 2025.<\/p>\n<div class='share-to-whatsapp-wrapper'><div class='share-on-whsp'>Share on: <\/div><a data-text='\u00a1DT de corto plazo! Corea del Sur anuncia nuevo entrenador para seis partidos' data-link='https:\/\/portaltactica.com\/?p=108549' class='whatsapp-button whatsapp-share'>WhatsApp<\/a><div class='clear '><\/div><\/div>","protected":false},"excerpt":{"rendered":"<p>El espa\u00f1ol&nbsp;Robert Moreno&nbsp;fue nombrado&nbsp;seleccionador interino&nbsp;de la selecci\u00f3n de&nbsp;Corea del Sur, combinado al que dirigir\u00e1 inicialmente durante&nbsp;6 partidos, con la posibilidad de&hellip;<\/p>\n","protected":false},"author":2,"featured_media":108550,"comment_status":"closed","ping_status":"closed","sticky":false,"template":"","format":"standard","meta":{"advanced_seo_description":"","jetpack_seo_html_title":"","jetpack_seo_noindex":false,"jetpack_seo_schema_type":"","_jetpack_newsletter_access":"","_jetpack_dont_email_post_to_subs":false,"_jetpack_newsletter_tier_id":0,"_jetpack_memberships_contains_paywalled_content":false,"_jetpack_feature_clip_id":0,"_jetpack_memberships_contains_paid_content":false,"footnotes":"","jetpack_publicize_message":"","jetpack_publicize_feature_enabled":true,"jetpack_social_post_already_shared":true,"jetpack_social_options":{"image_generator_settings":{"template":"highway","default_image_id":0,"font":"","enabled":false},"version":2},"jetpack_post_was_ever_published":false},"categories":[6],"tags":[],"class_list":["post-108549","post","type-post","status-publish","format-standard","has-post-thumbnail","hentry","category-internacional"],"jetpack_publicize_connections":[],"jetpack_sharing_enabled":true,"jetpack_featured_media_url":"https:\/\/portaltactica.com\/wp-content\/uploads\/2026\/09\/4.jpg","_links":{"self":[{"href":"https:\/\/portaltactica.com\/index.php?rest_route=\/wp\/v2\/posts\/108549","targetHints":{"allow":["GET"]}}],"collection":[{"href":"https:\/\/portaltactica.com\/index.php?rest_route=\/wp\/v2\/posts"}],"about":[{"href":"https:\/\/portaltactica.com\/index.php?rest_route=\/wp\/v2\/types\/post"}],"author":[{"embeddable":true,"href":"https:\/\/portaltactica.com\/index.php?rest_route=\/wp\/v2\/users\/2"}],"replies":[{"embeddable":true,"href":"https:\/\/portaltactica.com\/index.php?rest_route=%2Fwp%2Fv2%2Fcomments&post=108549"}],"version-history":[{"count":1,"href":"https:\/\/portaltactica.com\/index.php?rest_route=\/wp\/v2\/posts\/108549\/revisions"}],"predecessor-version":[{"id":108551,"href":"https:\/\/portaltactica.com\/index.php?rest_route=\/wp\/v2\/posts\/108549\/revisions\/108551"}],"wp:featuredmedia":[{"embeddable":true,"href":"https:\/\/portaltactica.com\/index.php?rest_route=\/wp\/v2\/media\/108550"}],"wp:attachment":[{"href":"https:\/\/portaltactica.com\/index.php?rest_route=%2Fwp%2Fv2%2Fmedia&parent=108549"}],"wp:term":[{"taxonomy":"category","embeddable":true,"href":"https:\/\/portaltactica.com\/index.php?rest_route=%2Fwp%2Fv2%2Fcategories&post=108549"},{"taxonomy":"post_tag","embeddable":true,"href":"https:\/\/portaltactica.com\/index.php?rest_route=%2Fwp%2Fv2%2Ftags&post=108549"}],"curies":[{"name":"wp","href":"https:\/\/api.w.org\/{rel}","templated":true}]}}