{"id":108546,"date":"2026-09-01T09:35:37","date_gmt":"2026-09-01T16:35:37","guid":{"rendered":"https:\/\/portaltactica.com\/?p=108546"},"modified":"2026-09-01T09:35:50","modified_gmt":"2026-09-01T16:35:50","slug":"antonio-rudiger-cuelga-la-camiseta-se-retira-de-la-seleccion-de-alemania","status":"publish","type":"post","link":"https:\/\/portaltactica.com\/?p=108546","title":{"rendered":"\u00a1Antonio R\u00fcdiger cuelga la camiseta! Se retira de la Selecci\u00f3n de Alemania"},"content":{"rendered":"\n<p class=\"wp-block-paragraph\"><strong>Antonio R\u00fcdiger<\/strong>, jugador del\u00a0<strong>Real Madrid<\/strong>\u00a0y seleccionado alem\u00e1n, anunci\u00f3 su retiro de la selecci\u00f3n germana tras la\u00a0<strong>Copa del Mundo 2026<\/strong>. Con un posteo en redes sociales, el defensor comunic\u00f3 que le gustar\u00eda dar el paso a las nuevas generaciones.\u00a0<\/p>\n\n\n\n<p class=\"wp-block-paragraph\">El \u00faltimo encuentro de\u00a0<strong>Antonio\u00a0<\/strong>con la selecci\u00f3n de\u00a0<strong>Alemania\u00a0<\/strong>fue en los Dieciseisavos de Final ante\u00a0<strong>Paraguay<\/strong>, un duelo en el que los europeos cayeron en la tanda de penaltis y quedaron eliminados del\u00a0<strong>Mundial 2026<\/strong>.<\/p>\n\n\n\n<figure class=\"wp-block-embed is-type-rich is-provider-x wp-block-embed-x\"><div class=\"wp-block-embed__wrapper\">\n<div class=\"embed-x\"><blockquote class=\"twitter-tweet\" data-width=\"550\" data-dnt=\"true\"><p lang=\"de\" dir=\"ltr\">Nach einiger Zeit des Nachdenkens ist f\u00fcr mich der Zeitpunkt gekommen, meine Karriere in der Nationalmannschaft zu beenden und den Weg f\u00fcr die junge Generation frei zu machen. \ud83c\udde9\ud83c\uddea<br><br>Als ich 2014 das erste Mal das DFB-Trikot getragen habe, h\u00e4tte ich es mir in meinen Tr\u00e4umen nicht\u2026 <a href=\"https:\/\/t.co\/MniXUgxswy\">pic.twitter.com\/MniXUgxswy<\/a><\/p>&mdash; Antonio R\u00fcdiger (@ToniRuediger) <a href=\"https:\/\/x.com\/ToniRuediger\/status\/2094796866713944409?ref_src=twsrc%5Etfw\">September 1, 2026<\/a><\/blockquote><script async src=\"https:\/\/platform.x.com\/widgets.js\" charset=\"utf-8\"><\/script><\/div>\n<\/div><\/figure>\n\n\n\n<blockquote class=\"wp-block-quote is-layout-flow wp-block-quote-is-layout-flow\">\n<p class=\"wp-block-paragraph\"><strong>Despu\u00e9s de un tiempo reflexionando, ha llegado el momento de terminar mi carrera con la selecci\u00f3n nacional<\/strong>&nbsp;y despejar el camino para la generaci\u00f3n joven, posteo&nbsp;<strong>R\u00fcdiger&nbsp;<\/strong>en sus redes sociales<\/p>\n<\/blockquote>\n\n\n\n<p class=\"wp-block-paragraph\">A lo largo de su trayectoria, el zaguero central se consolid\u00f3 como un pilar en la zaga, destacando por su entrega y su car\u00e1cter competitivo.\u00a0<strong>Su liderazgo dentro y fuera de la cancha dejar\u00e1 un vac\u00edo importante en el vestuario alem\u00e1n<\/strong>, donde su voz de mando era clave en los momentos de mayor presi\u00f3n.<\/p>\n\n\n\n<p class=\"wp-block-paragraph\">Con este adi\u00f3s al combinado nacional, el defensor centrar\u00e1 toda su concentraci\u00f3n en sus compromisos con el\u00a0<strong>Real Madrid<\/strong>, buscando seguir compitiendo al m\u00e1ximo nivel en\u00a0<strong>Europa<\/strong>. Por su parte, la direcci\u00f3n t\u00e9cnica alemana deber\u00e1 iniciar un inminente relevo generacional para encarar los pr\u00f3ximos retos del calendario internacional.<\/p>\n\n\n\n<h2 class=\"wp-block-heading\">\u00bfCu\u00e1les fueron las estad\u00edsticas de R\u00fcdiger con la Selecci\u00f3n de Alemania?<\/h2>\n\n\n\n<p class=\"wp-block-paragraph\">El central merengue&nbsp;<strong>disput\u00f3 86 encuentros<\/strong>&nbsp;con la selecci\u00f3n germana, en los cuales&nbsp;<strong>anot\u00f3 tres goles<\/strong>&nbsp;y, a pesar de desempe\u00f1arse en la defensa,&nbsp;<strong>aport\u00f3 cinco asistencias<\/strong>&nbsp;a sus compa\u00f1eros en los compromisos internacionales.<\/p>\n<div class='share-to-whatsapp-wrapper'><div class='share-on-whsp'>Share on: <\/div><a data-text='\u00a1Antonio R\u00fcdiger cuelga la camiseta! Se retira de la Selecci\u00f3n de Alemania' data-link='https:\/\/portaltactica.com\/?p=108546' class='whatsapp-button whatsapp-share'>WhatsApp<\/a><div class='clear '><\/div><\/div>","protected":false},"excerpt":{"rendered":"<p>Antonio R\u00fcdiger, jugador del\u00a0Real Madrid\u00a0y seleccionado alem\u00e1n, anunci\u00f3 su retiro de la selecci\u00f3n germana tras la\u00a0Copa del Mundo 2026. Con un&hellip;<\/p>\n","protected":false},"author":2,"featured_media":108547,"comment_status":"closed","ping_status":"closed","sticky":false,"template":"","format":"standard","meta":{"advanced_seo_description":"","jetpack_seo_html_title":"","jetpack_seo_noindex":false,"jetpack_seo_schema_type":"","_jetpack_newsletter_access":"","_jetpack_dont_email_post_to_subs":false,"_jetpack_newsletter_tier_id":0,"_jetpack_memberships_contains_paywalled_content":false,"_jetpack_feature_clip_id":0,"_jetpack_memberships_contains_paid_content":false,"footnotes":"","jetpack_publicize_message":"","jetpack_publicize_feature_enabled":true,"jetpack_social_post_already_shared":true,"jetpack_social_options":{"image_generator_settings":{"template":"highway","default_image_id":0,"font":"","enabled":false},"version":2},"jetpack_post_was_ever_published":false},"categories":[1896],"tags":[],"class_list":["post-108546","post","type-post","status-publish","format-standard","has-post-thumbnail","hentry","category-destacado-portada"],"jetpack_publicize_connections":[],"jetpack_sharing_enabled":true,"jetpack_featured_media_url":"https:\/\/portaltactica.com\/wp-content\/uploads\/2026\/09\/3.jpg","_links":{"self":[{"href":"https:\/\/portaltactica.com\/index.php?rest_route=\/wp\/v2\/posts\/108546","targetHints":{"allow":["GET"]}}],"collection":[{"href":"https:\/\/portaltactica.com\/index.php?rest_route=\/wp\/v2\/posts"}],"about":[{"href":"https:\/\/portaltactica.com\/index.php?rest_route=\/wp\/v2\/types\/post"}],"author":[{"embeddable":true,"href":"https:\/\/portaltactica.com\/index.php?rest_route=\/wp\/v2\/users\/2"}],"replies":[{"embeddable":true,"href":"https:\/\/portaltactica.com\/index.php?rest_route=%2Fwp%2Fv2%2Fcomments&post=108546"}],"version-history":[{"count":1,"href":"https:\/\/portaltactica.com\/index.php?rest_route=\/wp\/v2\/posts\/108546\/revisions"}],"predecessor-version":[{"id":108548,"href":"https:\/\/portaltactica.com\/index.php?rest_route=\/wp\/v2\/posts\/108546\/revisions\/108548"}],"wp:featuredmedia":[{"embeddable":true,"href":"https:\/\/portaltactica.com\/index.php?rest_route=\/wp\/v2\/media\/108547"}],"wp:attachment":[{"href":"https:\/\/portaltactica.com\/index.php?rest_route=%2Fwp%2Fv2%2Fmedia&parent=108546"}],"wp:term":[{"taxonomy":"category","embeddable":true,"href":"https:\/\/portaltactica.com\/index.php?rest_route=%2Fwp%2Fv2%2Fcategories&post=108546"},{"taxonomy":"post_tag","embeddable":true,"href":"https:\/\/portaltactica.com\/index.php?rest_route=%2Fwp%2Fv2%2Ftags&post=108546"}],"curies":[{"name":"wp","href":"https:\/\/api.w.org\/{rel}","templated":true}]}}