{"id":108530,"date":"2026-08-31T15:56:59","date_gmt":"2026-08-31T22:56:59","guid":{"rendered":"https:\/\/portaltactica.com\/?p=108530"},"modified":"2026-08-31T15:57:07","modified_gmt":"2026-08-31T22:57:07","slug":"desde-laliga-para-el-america-carlos-alvarez-aparece-entre-las-opciones-de-refuerzo","status":"publish","type":"post","link":"https:\/\/portaltactica.com\/?p=108530","title":{"rendered":"\u00a1Desde LaLiga para el Am\u00e9rica! Carlos \u00c1lvarez aparece entre las opciones de refuerzo"},"content":{"rendered":"\n<p class=\"wp-block-paragraph\">Tras la salida de Pato Salas a Europa, el\u00a0<strong>Am\u00e9rica<\/strong>\u00a0de\u00a0<strong>Guillermo Almada<\/strong>\u00a0a\u00fan no cierra su plantel y busca sumar un nuevo refuerzo para el\u00a0<strong>Torneo Apertura 2026<\/strong>\u00a0de cara a la Jornada 7.<\/p>\n\n\n\n<p class=\"wp-block-paragraph\">Seg\u00fan reportes desde Espa\u00f1a, la directiva de las \u00c1guilas hizo una oferta por&nbsp;<strong>Carlos \u00c1lvarez<\/strong>, mediocampista ofensivo de 23 a\u00f1os que milita en el&nbsp;<strong>Levante<\/strong>.<\/p>\n\n\n\n<p class=\"wp-block-paragraph\">El periodista&nbsp;<em>Germ\u00e1n Mu\u00f1oz<\/em>, de&nbsp;<em>El Chiringuito<\/em>, reporta que el&nbsp;<strong>Sevilla<\/strong>&nbsp;y el&nbsp;<strong>Rayo Vallecano&nbsp;<\/strong>tambi\u00e9n est\u00e1n interesados en el futbolista, sin embargo, \u201cla propuesta m\u00e1s firme\u201d es la del Club Am\u00e9rica.<\/p>\n\n\n\n<h2 class=\"wp-block-heading\">\u00bfQui\u00e9n es Carlos \u00c1lvarez, jugador espa\u00f1ol que busca Am\u00e9rica?<\/h2>\n\n\n\n<p class=\"wp-block-paragraph\"><strong>Carlos \u00c1lvarez<\/strong>&nbsp;naci\u00f3 el 6 de agosto del 2003 en Sanl\u00facar la Mayor, municipio de la provincia de Sevilla, y desde temprana edad se uni\u00f3 a la cantera del&nbsp;<strong>Sevilla<\/strong>.<\/p>\n\n\n\n<p class=\"wp-block-paragraph\">En el verano del 2023 fue vendido al&nbsp;<strong>Levante<\/strong>&nbsp;donde logr\u00f3 el ascenso a&nbsp;<strong>Primera Divisi\u00f3n<\/strong>&nbsp;en la temporada 2024-25 y se consolid\u00f3 en LaLiga con el dorsal 10.<\/p>\n\n\n\n<p class=\"wp-block-paragraph\">Con el Levante registra&nbsp;<strong>14 goles y 14 asistencias en 105 partidos<\/strong>&nbsp;en tres a\u00f1os.<\/p>\n\n\n\n<p class=\"wp-block-paragraph\">Carlos \u00c1lvarez tiene un valor de&nbsp;<strong>15 millones de euros<\/strong>, seg\u00fan el sitio especializado&nbsp;<em>transfermarkt<\/em>.<\/p>\n\n\n\n<p class=\"wp-block-paragraph\">El mediocampista a\u00fan no debuta con la&nbsp;<strong>selecci\u00f3n mayor de Espa\u00f1a<\/strong>, pero ha representado a La Roja en categor\u00edas Sub-15, Sub-16, Sub-17 y Sub-19.<\/p>\n\n\n\n<p class=\"wp-block-paragraph\"><strong>Am\u00e9rica<\/strong>&nbsp;tiene hasta el 11 de septiembre para buscar cerrar el fichaje de&nbsp;<strong>Carlos \u00c1lvarez<\/strong>, fecha en que la Liga MX cierra su mercado de transferencias.<\/p>\n<div class='share-to-whatsapp-wrapper'><div class='share-on-whsp'>Share on: <\/div><a data-text='\u00a1Desde LaLiga para el Am\u00e9rica! Carlos \u00c1lvarez aparece entre las opciones de refuerzo' data-link='https:\/\/portaltactica.com\/?p=108530' class='whatsapp-button whatsapp-share'>WhatsApp<\/a><div class='clear '><\/div><\/div>","protected":false},"excerpt":{"rendered":"<p>Tras la salida de Pato Salas a Europa, el\u00a0Am\u00e9rica\u00a0de\u00a0Guillermo Almada\u00a0a\u00fan no cierra su plantel y busca sumar un nuevo refuerzo para&hellip;<\/p>\n","protected":false},"author":2,"featured_media":108531,"comment_status":"closed","ping_status":"closed","sticky":false,"template":"","format":"standard","meta":{"advanced_seo_description":"","jetpack_seo_html_title":"","jetpack_seo_noindex":false,"jetpack_seo_schema_type":"","_jetpack_newsletter_access":"","_jetpack_dont_email_post_to_subs":false,"_jetpack_newsletter_tier_id":0,"_jetpack_memberships_contains_paywalled_content":false,"_jetpack_feature_clip_id":0,"_jetpack_memberships_contains_paid_content":false,"footnotes":"","jetpack_publicize_message":"","jetpack_publicize_feature_enabled":true,"jetpack_social_post_already_shared":true,"jetpack_social_options":{"image_generator_settings":{"template":"highway","default_image_id":0,"font":"","enabled":false},"version":2},"jetpack_post_was_ever_published":false},"categories":[1897],"tags":[],"class_list":["post-108530","post","type-post","status-publish","format-standard","has-post-thumbnail","hentry","category-destacado-nacional"],"jetpack_publicize_connections":[],"jetpack_sharing_enabled":true,"jetpack_featured_media_url":"https:\/\/portaltactica.com\/wp-content\/uploads\/2026\/08\/10-21.jpg","_links":{"self":[{"href":"https:\/\/portaltactica.com\/index.php?rest_route=\/wp\/v2\/posts\/108530","targetHints":{"allow":["GET"]}}],"collection":[{"href":"https:\/\/portaltactica.com\/index.php?rest_route=\/wp\/v2\/posts"}],"about":[{"href":"https:\/\/portaltactica.com\/index.php?rest_route=\/wp\/v2\/types\/post"}],"author":[{"embeddable":true,"href":"https:\/\/portaltactica.com\/index.php?rest_route=\/wp\/v2\/users\/2"}],"replies":[{"embeddable":true,"href":"https:\/\/portaltactica.com\/index.php?rest_route=%2Fwp%2Fv2%2Fcomments&post=108530"}],"version-history":[{"count":1,"href":"https:\/\/portaltactica.com\/index.php?rest_route=\/wp\/v2\/posts\/108530\/revisions"}],"predecessor-version":[{"id":108532,"href":"https:\/\/portaltactica.com\/index.php?rest_route=\/wp\/v2\/posts\/108530\/revisions\/108532"}],"wp:featuredmedia":[{"embeddable":true,"href":"https:\/\/portaltactica.com\/index.php?rest_route=\/wp\/v2\/media\/108531"}],"wp:attachment":[{"href":"https:\/\/portaltactica.com\/index.php?rest_route=%2Fwp%2Fv2%2Fmedia&parent=108530"}],"wp:term":[{"taxonomy":"category","embeddable":true,"href":"https:\/\/portaltactica.com\/index.php?rest_route=%2Fwp%2Fv2%2Fcategories&post=108530"},{"taxonomy":"post_tag","embeddable":true,"href":"https:\/\/portaltactica.com\/index.php?rest_route=%2Fwp%2Fv2%2Ftags&post=108530"}],"curies":[{"name":"wp","href":"https:\/\/api.w.org\/{rel}","templated":true}]}}