{"id":108514,"date":"2026-08-31T14:06:22","date_gmt":"2026-08-31T21:06:22","guid":{"rendered":"https:\/\/portaltactica.com\/?p=108514"},"modified":"2026-08-31T14:06:30","modified_gmt":"2026-08-31T21:06:30","slug":"ricardo-escotto-regresa-a-la-accion-el-mexicano-competira-en-el-cierre-de-la-f3","status":"publish","type":"post","link":"https:\/\/portaltactica.com\/?p=108514","title":{"rendered":"\u00a1Ricardo Escotto regresa a la acci\u00f3n! El mexicano competir\u00e1 en el cierre de la F3"},"content":{"rendered":"\n<p class=\"wp-block-paragraph\">La escuder\u00eda<strong>\u00a0AIX Racing<\/strong>\u00a0confirm\u00f3 oficialmente que el piloto mexicano Ricardo Escotto\u00a0tomar\u00e1 el volante en las dos \u00faltimas fechas del\u00a0<strong>Campeonato de F\u00f3rmula 3 de la FIA<\/strong>. El azteca disputar\u00e1 los emblem\u00e1ticos\u00a0<strong>Grandes Premios de Monza y Madrid<\/strong>, este \u00faltimo un circuito en el que las escuder\u00edas recientemente realizaron sesiones de prueba para adaptarse a su trazado.<\/p>\n\n\n\n<p class=\"wp-block-paragraph\">Con esta incorporaci\u00f3n,\u00a0<strong>Escotto<\/strong>\u00a0busca consolidar la notable evoluci\u00f3n t\u00e9cnica que ha mostrado en el automovilismo internacional de monoplazas durante este a\u00f1o. Respaldado por el equipo de\u00a0AIX Racing, el mexicano apunta a tener un cierre de temporada s\u00f3lido y sumar valiosa experiencia en la recta final de uno de los cert\u00e1menes m\u00e1s competitivos del mundo.<\/p>\n\n\n\n<p class=\"wp-block-paragraph\"><strong>Respaldo total de AIX Racing<\/strong><\/p>\n\n\n\n<p class=\"wp-block-paragraph\">El desempe\u00f1o y profesionalismo de Escotto no han pasado desapercibidos dentro de la estructura de AIX Racing.&nbsp;<strong>Kenny Kirwan<\/strong>, director del equipo de<strong>&nbsp;F\u00f3rmula 3<\/strong>, expres\u00f3 el entusiasmo del grupo por contar nuevamente con el talento del joven mexicano y resalt\u00f3 la constancia que ha demostrado a lo largo de las jornadas de trabajo:<\/p>\n\n\n\n<blockquote class=\"wp-block-quote is-layout-flow wp-block-quote-is-layout-flow\">\n<p class=\"wp-block-paragraph\">&#8220;Estamos encantados de dar la bienvenida de nuevo a Ricardo al equipo para las rondas restantes del Campeonato de F\u00f3rmula 3 de la FIA. Ricardo ha progresado notablemente a lo largo de la temporada, y hemos visto de primera mano el gran esfuerzo y compromiso que ha dedicado para seguir desarroll\u00e1ndose como piloto. Su actitud, profesionalidad y determinaci\u00f3n han sido excelentes.&#8221;<\/p>\n<\/blockquote>\n\n\n\n<p class=\"wp-block-paragraph\"><strong>Kirwan<\/strong>&nbsp;enfatiz\u00f3 que una parte fundamental de este crecimiento se ha gestado entre bastidores, mediante el an\u00e1lisis exhaustivo junto a los ingenieros. Con este movimiento,&nbsp;<strong>AIX Racing<\/strong>&nbsp;reafirma su apuesta por impulsar el talento emergente en las fechas finales del calendario: el m\u00edtico&nbsp;<strong>circuito de Monza<\/strong>, del 4 al 6 de septiembre, y la gran&nbsp;<strong>prueba final en Madrid<\/strong>, del 11 al 13 de septiembre.<\/p>\n\n\n\n<h2 class=\"wp-block-heading\">&#8216;F\u00f3rmula Party&#8217; en la Ciudad de M\u00e9xico<\/h2>\n\n\n\n<p class=\"wp-block-paragraph\">Como ya es toda una tradici\u00f3n para la comunidad del deporte motor en M\u00e9xico, aficionados, medios de comunicaci\u00f3n y amigos se congregar\u00e1n para seguir de cerca el desempe\u00f1o de&nbsp;<strong>Escotto&nbsp;<\/strong>en la pista europea.<\/p>\n\n\n\n<p class=\"wp-block-paragraph\">La cita para la fiesta del automovilismo ser\u00e1 el pr\u00f3ximo 6 de septiembre en las instalaciones de Al Bat (cajas de bateo), ubicadas en el&nbsp;<strong>Paseo de la Reforma de la Ciudad de M\u00e9xico<\/strong>, donde se transmitir\u00e1 en vivo la participaci\u00f3n del piloto nacional.<\/p>\n\n\n\n<p class=\"wp-block-paragraph\"><\/p>\n<div class='share-to-whatsapp-wrapper'><div class='share-on-whsp'>Share on: <\/div><a data-text='\u00a1Ricardo Escotto regresa a la acci\u00f3n! El mexicano competir\u00e1 en el cierre de la F3' data-link='https:\/\/portaltactica.com\/?p=108514' class='whatsapp-button whatsapp-share'>WhatsApp<\/a><div class='clear '><\/div><\/div>","protected":false},"excerpt":{"rendered":"<p>La escuder\u00eda\u00a0AIX Racing\u00a0confirm\u00f3 oficialmente que el piloto mexicano Ricardo Escotto\u00a0tomar\u00e1 el volante en las dos \u00faltimas fechas del\u00a0Campeonato de F\u00f3rmula 3&hellip;<\/p>\n","protected":false},"author":2,"featured_media":108515,"comment_status":"closed","ping_status":"closed","sticky":false,"template":"","format":"standard","meta":{"advanced_seo_description":"","jetpack_seo_html_title":"","jetpack_seo_noindex":false,"jetpack_seo_schema_type":"","_jetpack_newsletter_access":"","_jetpack_dont_email_post_to_subs":false,"_jetpack_newsletter_tier_id":0,"_jetpack_memberships_contains_paywalled_content":false,"_jetpack_feature_clip_id":0,"_jetpack_memberships_contains_paid_content":false,"footnotes":"","jetpack_publicize_message":"","jetpack_publicize_feature_enabled":true,"jetpack_social_post_already_shared":true,"jetpack_social_options":{"image_generator_settings":{"template":"highway","default_image_id":0,"font":"","enabled":false},"version":2},"jetpack_post_was_ever_published":false},"categories":[1898],"tags":[],"class_list":["post-108514","post","type-post","status-publish","format-standard","has-post-thumbnail","hentry","category-destacado-internacional"],"jetpack_publicize_connections":[],"jetpack_sharing_enabled":true,"jetpack_featured_media_url":"https:\/\/portaltactica.com\/wp-content\/uploads\/2026\/08\/5-20.jpg","_links":{"self":[{"href":"https:\/\/portaltactica.com\/index.php?rest_route=\/wp\/v2\/posts\/108514","targetHints":{"allow":["GET"]}}],"collection":[{"href":"https:\/\/portaltactica.com\/index.php?rest_route=\/wp\/v2\/posts"}],"about":[{"href":"https:\/\/portaltactica.com\/index.php?rest_route=\/wp\/v2\/types\/post"}],"author":[{"embeddable":true,"href":"https:\/\/portaltactica.com\/index.php?rest_route=\/wp\/v2\/users\/2"}],"replies":[{"embeddable":true,"href":"https:\/\/portaltactica.com\/index.php?rest_route=%2Fwp%2Fv2%2Fcomments&post=108514"}],"version-history":[{"count":1,"href":"https:\/\/portaltactica.com\/index.php?rest_route=\/wp\/v2\/posts\/108514\/revisions"}],"predecessor-version":[{"id":108516,"href":"https:\/\/portaltactica.com\/index.php?rest_route=\/wp\/v2\/posts\/108514\/revisions\/108516"}],"wp:featuredmedia":[{"embeddable":true,"href":"https:\/\/portaltactica.com\/index.php?rest_route=\/wp\/v2\/media\/108515"}],"wp:attachment":[{"href":"https:\/\/portaltactica.com\/index.php?rest_route=%2Fwp%2Fv2%2Fmedia&parent=108514"}],"wp:term":[{"taxonomy":"category","embeddable":true,"href":"https:\/\/portaltactica.com\/index.php?rest_route=%2Fwp%2Fv2%2Fcategories&post=108514"},{"taxonomy":"post_tag","embeddable":true,"href":"https:\/\/portaltactica.com\/index.php?rest_route=%2Fwp%2Fv2%2Ftags&post=108514"}],"curies":[{"name":"wp","href":"https:\/\/api.w.org\/{rel}","templated":true}]}}