{"id":108508,"date":"2026-08-31T12:26:33","date_gmt":"2026-08-31T19:26:33","guid":{"rendered":"https:\/\/portaltactica.com\/?p=108508"},"modified":"2026-08-31T12:26:41","modified_gmt":"2026-08-31T19:26:41","slug":"ya-es-oficial-porto-anuncia-el-fichaje-de-santiago-gimenez-y-detalla-su-contrato","status":"publish","type":"post","link":"https:\/\/portaltactica.com\/?p=108508","title":{"rendered":"\u00a1Ya es oficial! Porto anuncia el fichaje de Santiago Gim\u00e9nez y detalla su contrato"},"content":{"rendered":"\n<p class=\"wp-block-paragraph\">\u00a1Es oficial! Con 25 a\u00f1os de edad,\u00a0<strong>Santiago Gimenez<\/strong>\u00a0vivir\u00e1 su tercer aventura en el futbol de Europa, pues este lunes 31 de agosto se confirm\u00f3 su\u00a0<strong>fichaje\u00a0<\/strong>con\u00a0<strong>FC Porto,<\/strong>\u00a0equipo de la<strong>\u00a0Liga de Portugal.<\/strong><\/p>\n\n\n\n<p class=\"wp-block-paragraph\">A trav\u00e9s de sus redes sociales, los<strong>&nbsp;Dragone<\/strong>s dieron la bienvenida oficial al&nbsp;<strong>delantero mexicano<\/strong>, el cual llega al futbol luso tras su paso por el&nbsp;<strong>AC Milan<\/strong>, equipo con el cual no pudo destacar en la&nbsp;<strong>Serie A,&nbsp;<\/strong>por lo que este fichaje sin duda ser\u00e1 de suma importancia para el ex de&nbsp;<strong>Cruz Azul.<\/strong><\/p>\n\n\n\n<h2 class=\"wp-block-heading\">\u00bfC\u00f3mo es el contrato de Santi Gimenez con FC Porto?<\/h2>\n\n\n\n<p class=\"wp-block-paragraph\"><strong>En un comunicado, el&nbsp;Porto&nbsp;detall\u00f3 que el acuerdo&nbsp;&#8220;<\/strong>incluye la opci\u00f3n de transferir, de forma definitiva, los derechos de inscripci\u00f3n deportiva y el 100% de los derechos econ\u00f3micos del deportista por un importe fijo de&nbsp;<strong>18 millones de euros<\/strong>, m\u00e1s una remuneraci\u00f3n m\u00e1xima variable de hasta<strong>&nbsp;2 millones en bonificaciones&#8221;.<\/strong><\/p>\n\n\n\n<figure class=\"wp-block-embed is-type-rich is-provider-x wp-block-embed-x\"><div class=\"wp-block-embed__wrapper\">\n<div class=\"embed-x\"><blockquote class=\"twitter-tweet\" data-width=\"550\" data-dnt=\"true\"><p lang=\"pt\" dir=\"ltr\">O Drag\u00e3o espera por ti \ud83d\udc09<br><br>FC Porto \ud83e\udd1d Santiago Gimenez<a href=\"https:\/\/x.com\/hashtag\/BemVindoGimenez?src=hash&amp;ref_src=twsrc%5Etfw\">#BemVindoGimenez<\/a> <a href=\"https:\/\/t.co\/pNZmZC9Iec\">pic.twitter.com\/pNZmZC9Iec<\/a><\/p>&mdash; FC Porto (@FCPorto) <a href=\"https:\/\/x.com\/FCPorto\/status\/2094493860684558488?ref_src=twsrc%5Etfw\">August 31, 2026<\/a><\/blockquote><script async src=\"https:\/\/platform.x.com\/widgets.js\" charset=\"utf-8\"><\/script><\/div>\n<\/div><\/figure>\n\n\n\n<p class=\"wp-block-paragraph\">&#8220;La opci\u00f3n de compra puede volverse obligatoria una vez cumplidos ciertos objetivos deportivos. Si se ejerce, el<strong>\u00a0AC Milan\u00a0tendr\u00e1 derecho al 10% de cualquier posible traspaso futuro<\/strong>\u00a0de Santiago Gimenez&#8221;, agreg\u00f3.\u00a0<\/p>\n\n\n\n<p class=\"wp-block-paragraph\">En sus primeras declaraciones como elemento del Porto,&nbsp;<strong>Santi&nbsp;<\/strong>destac\u00f3 que busca volver a<strong>&nbsp;sentirse importante dentro de un club<\/strong>&nbsp;y sobre todo seguir sumando \u00e9xitos.&nbsp;<\/p>\n\n\n\n<p class=\"wp-block-paragraph\"><strong>&#8220;Fue una decisi\u00f3n muy importante,<\/strong>&nbsp;porque quiero seguir escribiendo mi propia historia y<strong>&nbsp;sentirme importante<\/strong>. A lo largo de mi carrera, siempre he jugado en grandes equipos y el FC Porto es uno de ellos. Es una etapa que a\u00f1adir\u00e1 mucho a mi camino. Realmente quiero crear una gran qu\u00edmica con el equipo y con los aficionados para seguir creciendo y ganando m\u00e1s trofeos. Es un placer estar aqu\u00ed&#8221;, mencion\u00f3 el&nbsp;<strong>Chaquito&nbsp;<\/strong>para su nuevo club<\/p>\n\n\n\n<h2 class=\"wp-block-heading\">Santi Gimenez jugar\u00e1 la Champions League<\/h2>\n\n\n\n<p class=\"wp-block-paragraph\">Con este fichaje, el atacante de la\u00a0<strong>Selecci\u00f3n Mexicana\u00a0<\/strong>no solo tendr\u00e1 la oportunidad de disputar la\u00a0<strong>Primeira Liga de Portugal<\/strong>, sino tambi\u00e9n la Fase de Liga de la<strong>\u00a0UEFA Champions League,<\/strong>\u00a0competencia en la que los lusos se enfrentar\u00e1n a\u00a0<strong>Manchester City, Betis, PSV, Napoli, Feyenoord y Liverpool.\u00a0<\/strong><\/p>\n<div class='share-to-whatsapp-wrapper'><div class='share-on-whsp'>Share on: <\/div><a data-text='\u00a1Ya es oficial! Porto anuncia el fichaje de Santiago Gim\u00e9nez y detalla su contrato' data-link='https:\/\/portaltactica.com\/?p=108508' class='whatsapp-button whatsapp-share'>WhatsApp<\/a><div class='clear '><\/div><\/div>","protected":false},"excerpt":{"rendered":"<p>\u00a1Es oficial! Con 25 a\u00f1os de edad,\u00a0Santiago Gimenez\u00a0vivir\u00e1 su tercer aventura en el futbol de Europa, pues este lunes 31 de&hellip;<\/p>\n","protected":false},"author":2,"featured_media":108509,"comment_status":"closed","ping_status":"closed","sticky":false,"template":"","format":"standard","meta":{"advanced_seo_description":"","jetpack_seo_html_title":"","jetpack_seo_noindex":false,"jetpack_seo_schema_type":"","_jetpack_newsletter_access":"","_jetpack_dont_email_post_to_subs":false,"_jetpack_newsletter_tier_id":0,"_jetpack_memberships_contains_paywalled_content":false,"_jetpack_feature_clip_id":0,"_jetpack_memberships_contains_paid_content":false,"footnotes":"","jetpack_publicize_message":"","jetpack_publicize_feature_enabled":true,"jetpack_social_post_already_shared":true,"jetpack_social_options":{"image_generator_settings":{"template":"highway","default_image_id":0,"font":"","enabled":false},"version":2},"jetpack_post_was_ever_published":false},"categories":[1898],"tags":[],"class_list":["post-108508","post","type-post","status-publish","format-standard","has-post-thumbnail","hentry","category-destacado-internacional"],"jetpack_publicize_connections":[],"jetpack_sharing_enabled":true,"jetpack_featured_media_url":"https:\/\/portaltactica.com\/wp-content\/uploads\/2026\/08\/3-24.jpg","_links":{"self":[{"href":"https:\/\/portaltactica.com\/index.php?rest_route=\/wp\/v2\/posts\/108508","targetHints":{"allow":["GET"]}}],"collection":[{"href":"https:\/\/portaltactica.com\/index.php?rest_route=\/wp\/v2\/posts"}],"about":[{"href":"https:\/\/portaltactica.com\/index.php?rest_route=\/wp\/v2\/types\/post"}],"author":[{"embeddable":true,"href":"https:\/\/portaltactica.com\/index.php?rest_route=\/wp\/v2\/users\/2"}],"replies":[{"embeddable":true,"href":"https:\/\/portaltactica.com\/index.php?rest_route=%2Fwp%2Fv2%2Fcomments&post=108508"}],"version-history":[{"count":1,"href":"https:\/\/portaltactica.com\/index.php?rest_route=\/wp\/v2\/posts\/108508\/revisions"}],"predecessor-version":[{"id":108510,"href":"https:\/\/portaltactica.com\/index.php?rest_route=\/wp\/v2\/posts\/108508\/revisions\/108510"}],"wp:featuredmedia":[{"embeddable":true,"href":"https:\/\/portaltactica.com\/index.php?rest_route=\/wp\/v2\/media\/108509"}],"wp:attachment":[{"href":"https:\/\/portaltactica.com\/index.php?rest_route=%2Fwp%2Fv2%2Fmedia&parent=108508"}],"wp:term":[{"taxonomy":"category","embeddable":true,"href":"https:\/\/portaltactica.com\/index.php?rest_route=%2Fwp%2Fv2%2Fcategories&post=108508"},{"taxonomy":"post_tag","embeddable":true,"href":"https:\/\/portaltactica.com\/index.php?rest_route=%2Fwp%2Fv2%2Ftags&post=108508"}],"curies":[{"name":"wp","href":"https:\/\/api.w.org\/{rel}","templated":true}]}}