{"id":104262,"date":"2026-05-01T14:17:49","date_gmt":"2026-05-01T21:17:49","guid":{"rendered":"https:\/\/portaltactica.com\/?p=104262"},"modified":"2026-05-01T14:17:52","modified_gmt":"2026-05-01T21:17:52","slug":"fractura-de-pomulo-deja-a-luka-modric-fuera-de-la-temporada-y-en-duda-para-el-mundial","status":"publish","type":"post","link":"https:\/\/portaltactica.com\/?p=104262","title":{"rendered":"Fractura de p\u00f3mulo deja a Luka Modric fuera de la temporada y en duda para el Mundial"},"content":{"rendered":"\n<p>El centrocampista croata del Milan\u00a0<strong>Luka Modric\u00a0<\/strong>fue operado este lunes con &#8220;\u00e9xito&#8221;\u00a0de la fractura del p\u00f3mulo izquierdo\u00a0que sufri\u00f3 durante el partido del domingo contra el Juventus de Tur\u00edn, seg\u00fan inform\u00f3 el club milan\u00e9s.<\/p>\n\n\n\n<p>En un comunicado, el Milan da por concluida la temporada del croata en la Serie A antes del final oficial, el pr\u00f3ximo 24 de mayo. &#8220;<strong>El club le desea una pronta recuperaci\u00f3n de cara a la Copa del Mundo<\/strong>&#8220;, reza la nota.<\/p>\n\n\n\n<p>Modric sufri\u00f3 el domingo una fractura en el p\u00f3mulo izquierdo durante el partido contra el Juventus que le ha obligado&nbsp;<strong>a pasar por quir\u00f3fano a s\u00f3lo mes y medio del inicio del Mundial<\/strong>.<\/p>\n\n\n\n<p>La operaci\u00f3n fue &#8220;un \u00e9xito total&#8221;, seg\u00fan el club milan\u00e9s.<\/p>\n\n\n\n<p>&#8220;El AC Milan comunica que, en el d\u00eda de hoy, Luka Modric ha sido sometido a una intervenci\u00f3n quir\u00fargica en la Cl\u00ednica La Madonnina de Mil\u00e1n.&nbsp;<strong>Ha sido necesario intervenir quir\u00fargicamente para tratar una fractura compleja multifragmentaria del hueso cigom\u00e1tico izquierdo<\/strong>&#8220;, inform\u00f3.<\/p>\n\n\n\n<p>&#8220;La operaci\u00f3n, realizada por el equipo del doctor Luca Autelitano en presencia de los m\u00e9dicos del\u00a0AC Milan\u00a0Stefano Mazzoni y Andrea Bulgheroni, ha sido un \u00e9xito total&#8221;, a\u00f1adi\u00f3.<\/p>\n\n\n\n<p>Modric tuvo que ser sustituido en el minuto 79 del partido contra la Juve despu\u00e9s de un choque cabeza contra cabeza en la disputa de un bal\u00f3n con el italiano Manuel Locatelli&nbsp;<strong>que le dej\u00f3 visiblemente aturdido sobre el c\u00e9sped de San Siro.<\/strong><\/p>\n\n\n\n<p>La lesi\u00f3n de la leyenda croata, Bal\u00f3n de Oro en 2018, se produce a mes y medio del inicio del\u00a0Mundial de Estados Unidos, M\u00e9xico y Canad\u00e1, el que ser\u00eda el quinto de Modric tras los de Alemania 2006, Brasil 2014, Rusia 2018 y Qatar 2022.<\/p>\n<div class='share-to-whatsapp-wrapper'><div class='share-on-whsp'>Share on: <\/div><a data-text='Fractura de p\u00f3mulo deja a Luka Modric fuera de la temporada y en duda para el Mundial' data-link='https:\/\/portaltactica.com\/?p=104262' class='whatsapp-button whatsapp-share'>WhatsApp<\/a><div class='clear '><\/div><\/div>","protected":false},"excerpt":{"rendered":"<p>El centrocampista croata del Milan\u00a0Luka Modric\u00a0fue operado este lunes con &#8220;\u00e9xito&#8221;\u00a0de la fractura del p\u00f3mulo izquierdo\u00a0que sufri\u00f3 durante el partido del&hellip;<\/p>\n","protected":false},"author":2,"featured_media":104263,"comment_status":"closed","ping_status":"closed","sticky":false,"template":"","format":"standard","meta":{"advanced_seo_description":"","jetpack_seo_html_title":"","jetpack_seo_noindex":false,"_jetpack_memberships_contains_paid_content":false,"footnotes":"","jetpack_publicize_message":"","jetpack_publicize_feature_enabled":true,"jetpack_social_post_already_shared":true,"jetpack_social_options":{"image_generator_settings":{"template":"highway","default_image_id":0,"font":"","enabled":false},"version":2}},"categories":[1898],"tags":[],"class_list":["post-104262","post","type-post","status-publish","format-standard","has-post-thumbnail","hentry","category-destacado-internacional"],"jetpack_publicize_connections":[],"jetpack_featured_media_url":"https:\/\/portaltactica.com\/wp-content\/uploads\/2026\/05\/8.jpg","jetpack_sharing_enabled":true,"_links":{"self":[{"href":"https:\/\/portaltactica.com\/index.php?rest_route=\/wp\/v2\/posts\/104262","targetHints":{"allow":["GET"]}}],"collection":[{"href":"https:\/\/portaltactica.com\/index.php?rest_route=\/wp\/v2\/posts"}],"about":[{"href":"https:\/\/portaltactica.com\/index.php?rest_route=\/wp\/v2\/types\/post"}],"author":[{"embeddable":true,"href":"https:\/\/portaltactica.com\/index.php?rest_route=\/wp\/v2\/users\/2"}],"replies":[{"embeddable":true,"href":"https:\/\/portaltactica.com\/index.php?rest_route=%2Fwp%2Fv2%2Fcomments&post=104262"}],"version-history":[{"count":1,"href":"https:\/\/portaltactica.com\/index.php?rest_route=\/wp\/v2\/posts\/104262\/revisions"}],"predecessor-version":[{"id":104264,"href":"https:\/\/portaltactica.com\/index.php?rest_route=\/wp\/v2\/posts\/104262\/revisions\/104264"}],"wp:featuredmedia":[{"embeddable":true,"href":"https:\/\/portaltactica.com\/index.php?rest_route=\/wp\/v2\/media\/104263"}],"wp:attachment":[{"href":"https:\/\/portaltactica.com\/index.php?rest_route=%2Fwp%2Fv2%2Fmedia&parent=104262"}],"wp:term":[{"taxonomy":"category","embeddable":true,"href":"https:\/\/portaltactica.com\/index.php?rest_route=%2Fwp%2Fv2%2Fcategories&post=104262"},{"taxonomy":"post_tag","embeddable":true,"href":"https:\/\/portaltactica.com\/index.php?rest_route=%2Fwp%2Fv2%2Ftags&post=104262"}],"curies":[{"name":"wp","href":"https:\/\/api.w.org\/{rel}","templated":true}]}}