{"id":104227,"date":"2026-04-30T16:47:49","date_gmt":"2026-04-30T23:47:49","guid":{"rendered":"https:\/\/portaltactica.com\/?p=104227"},"modified":"2026-04-30T16:47:51","modified_gmt":"2026-04-30T23:47:51","slug":"buenas-noticias-para-el-vasco-edson-alvarez-vuelve-a-los-campos-de-entrenamiento-del-fenerbahce","status":"publish","type":"post","link":"https:\/\/portaltactica.com\/?p=104227","title":{"rendered":"\u00a1Buenas noticias para el Vasco! Edson \u00c1lvarez vuelve a los campos de entrenamiento del Fenerbahce"},"content":{"rendered":"\n<p>Edson \u00c1lvarez\u00a0est\u00e1 de vuelta. Una<strong>\u00a0buena noticia para el estratega Javier Aguirre<\/strong>, pues el mediocampista del Fenerbahce y de la Selecci\u00f3n Mexicana comparti\u00f3 en sus redes sociales\u00a0<strong>su regreso a los entrenamientos con el conjunto turco.<\/strong><\/p>\n\n\n\n<p>El Vasco ha estado en la conversaci\u00f3n en los \u00faltimos d\u00edas, pues dio la\u00a0lista de convocados de la Liga MX para la Copa del Mundo, sin embargo a\u00fan\u00a0<strong>le falta definir a los futbolistas que militan en el extranjero<\/strong>\u00a0y el\u00a0<strong>regreso del Mach\u00edn<\/strong>\u00a0a las canchas es una gran noticia para el estratega y el Tricolor<\/p>\n\n\n\n<p><strong>Vuelve al trabajo de cancha a 42 d\u00edas del Mundial<\/strong><\/p>\n\n\n\n<p>El 5 de febrero de este a\u00f1o fue la \u00faltima vez que&nbsp;<strong>Edson \u00c1lvarez<\/strong>&nbsp;tuvo participaci\u00f3n con el&nbsp;<strong>Fenerbahce<\/strong>, durante el encuentro ante el Erzurumspor por la Copa de Turqu\u00eda, en donde&nbsp;<strong>solo pudo participar 45 minutos.<\/strong><\/p>\n\n\n\n<p>A tan solo 42 d\u00edas para el inicio de la Copa del Mundo,&nbsp;<strong>la vuelta del Mach\u00edn es un respiro para Javier Aguirre<\/strong>, pues si la recuperaci\u00f3n del futbolista va bien,&nbsp;<strong>estar\u00eda listo para afrontar la justa internacional con el Tricolor<\/strong>.<\/p>\n\n\n\n<p><strong>El Vasco no ha podido contar con Edson \u00c1lvarez<\/strong>&nbsp;en los \u00faltimos tres encuentros de la&nbsp;<strong>Selecci\u00f3n Mexicana<\/strong>&nbsp;y generaba preocupaci\u00f3n su estado de salud, pues&nbsp;<strong>hubiera sido una ausencia de gran peso&nbsp;<\/strong>no poder contar con el capit\u00e1n del equipo.<\/p>\n\n\n\n<p><strong>El futbolista comparti\u00f3&nbsp;<\/strong>este d\u00eda a trav\u00e9s de su cuenta de Instagram,&nbsp;<strong>su regreso a los entrenamientos<\/strong>&nbsp;con el conjunto del Fenerbahce, en donde public\u00f3 una fotograf\u00eda con la leyenda&nbsp;<strong>&#8220;de vuelta con los chicos&#8221;.<\/strong><\/p>\n\n\n\n<p><\/p>\n<div class='share-to-whatsapp-wrapper'><div class='share-on-whsp'>Share on: <\/div><a data-text='\u00a1Buenas noticias para el Vasco! Edson \u00c1lvarez vuelve a los campos de entrenamiento del Fenerbahce' data-link='https:\/\/portaltactica.com\/?p=104227' class='whatsapp-button whatsapp-share'>WhatsApp<\/a><div class='clear '><\/div><\/div>","protected":false},"excerpt":{"rendered":"<p>Edson \u00c1lvarez\u00a0est\u00e1 de vuelta. Una\u00a0buena noticia para el estratega Javier Aguirre, pues el mediocampista del Fenerbahce y de la Selecci\u00f3n Mexicana&hellip;<\/p>\n","protected":false},"author":2,"featured_media":104228,"comment_status":"closed","ping_status":"closed","sticky":false,"template":"","format":"standard","meta":{"advanced_seo_description":"","jetpack_seo_html_title":"","jetpack_seo_noindex":false,"_jetpack_memberships_contains_paid_content":false,"footnotes":"","jetpack_publicize_message":"","jetpack_publicize_feature_enabled":true,"jetpack_social_post_already_shared":true,"jetpack_social_options":{"image_generator_settings":{"template":"highway","default_image_id":0,"font":"","enabled":false},"version":2}},"categories":[7],"tags":[],"class_list":["post-104227","post","type-post","status-publish","format-standard","has-post-thumbnail","hentry","category-nacional"],"jetpack_publicize_connections":[],"jetpack_featured_media_url":"https:\/\/portaltactica.com\/wp-content\/uploads\/2026\/04\/7-5.jpg","jetpack_sharing_enabled":true,"_links":{"self":[{"href":"https:\/\/portaltactica.com\/index.php?rest_route=\/wp\/v2\/posts\/104227","targetHints":{"allow":["GET"]}}],"collection":[{"href":"https:\/\/portaltactica.com\/index.php?rest_route=\/wp\/v2\/posts"}],"about":[{"href":"https:\/\/portaltactica.com\/index.php?rest_route=\/wp\/v2\/types\/post"}],"author":[{"embeddable":true,"href":"https:\/\/portaltactica.com\/index.php?rest_route=\/wp\/v2\/users\/2"}],"replies":[{"embeddable":true,"href":"https:\/\/portaltactica.com\/index.php?rest_route=%2Fwp%2Fv2%2Fcomments&post=104227"}],"version-history":[{"count":1,"href":"https:\/\/portaltactica.com\/index.php?rest_route=\/wp\/v2\/posts\/104227\/revisions"}],"predecessor-version":[{"id":104229,"href":"https:\/\/portaltactica.com\/index.php?rest_route=\/wp\/v2\/posts\/104227\/revisions\/104229"}],"wp:featuredmedia":[{"embeddable":true,"href":"https:\/\/portaltactica.com\/index.php?rest_route=\/wp\/v2\/media\/104228"}],"wp:attachment":[{"href":"https:\/\/portaltactica.com\/index.php?rest_route=%2Fwp%2Fv2%2Fmedia&parent=104227"}],"wp:term":[{"taxonomy":"category","embeddable":true,"href":"https:\/\/portaltactica.com\/index.php?rest_route=%2Fwp%2Fv2%2Fcategories&post=104227"},{"taxonomy":"post_tag","embeddable":true,"href":"https:\/\/portaltactica.com\/index.php?rest_route=%2Fwp%2Fv2%2Ftags&post=104227"}],"curies":[{"name":"wp","href":"https:\/\/api.w.org\/{rel}","templated":true}]}}