{"id":104224,"date":"2026-04-30T15:11:55","date_gmt":"2026-04-30T22:11:55","guid":{"rendered":"https:\/\/portaltactica.com\/?p=104224"},"modified":"2026-04-30T15:11:58","modified_gmt":"2026-04-30T22:11:58","slug":"lo-mas-adecuado-y-sensato-adolfo-rios-comenta-posible-retiro-de-memo-ochoa-tras-mundial","status":"publish","type":"post","link":"https:\/\/portaltactica.com\/?p=104224","title":{"rendered":"\u201cLo m\u00e1s adecuado y sensato\u201d: Adolfo R\u00edos comenta posible retiro de Memo Ochoa tras Mundial"},"content":{"rendered":"\n<p>Francisco Guillermo Ochoa\u00a0est\u00e1 por participar en su\u00a0<strong>sexta Copa del Mundo<\/strong>, a falta de que se confirme su convocatoria para el certamen internacional, pero<strong>\u00a0es pr\u00e1cticamente un hecho<\/strong>\u00a0y el cancerbero ha hablado en d\u00edas recientes sobre la\u00a0<strong>posibilidad de retirarse tras la justa<\/strong>; al respecto, el exportero\u00a0<strong>Adolfo R\u00edos<\/strong>\u00a0se\u00f1al\u00f3 que si se concreta su despedida de las canchas,\u00a0<strong>es una decisi\u00f3n correcta y prudente<\/strong>.<\/p>\n\n\n\n<p><strong>Javier Aguirre<\/strong>\u00a0ya dio una\u00a0lista de jugadores que participan en la Liga MX, para la preparaci\u00f3n final de cara al certamen y faltan por anunciarse aquellos que militan en clubes del extranjero, pero hay una\u00a0<strong>gran posibilidad de que Memo aparezca<\/strong>.<\/p>\n\n\n\n<p><strong>\u00bfQu\u00e9 dijo Adolfo R\u00edos del posible retiro de Memo Ochoa?<\/strong><\/p>\n\n\n\n<p>Aunque lo se\u00f1al\u00f3 como una posibilidad,<strong>&nbsp;Memo Ochoa<\/strong>&nbsp;revel\u00f3 en d\u00edas anteriores que&nbsp;<strong>est\u00e1 pensando en retirarse de las canchas&nbsp;<\/strong>tras participar en su sexta Copa del Mundo.<\/p>\n\n\n\n<p>En este sentido,&nbsp;<strong>Adolfo R\u00edos<\/strong>&nbsp;revel\u00f3 para la cadena deportiva Claro Sports,<strong>&nbsp;lo que significa para un futbolista profesional&nbsp;<\/strong>poner punto final a su carrera.<\/p>\n\n\n\n<blockquote class=\"wp-block-quote is-layout-flow wp-block-quote-is-layout-flow\">\n<p>&#8220;Todo lo que representa una carrera de un futbolista tiene que ver desde tu inicio hasta la forma de retirarte, no solamente que termines en un equipo en el cual ya no entras en planes, en el cual tristemente lo que hiciste durante tu carrera, ya no es reconocido al final de la misma&#8221;, mencion\u00f3 el exarquero.<\/p>\n<\/blockquote>\n\n\n\n<p>El exportero de equipos como&nbsp;<strong>Am\u00e9rica<\/strong>&nbsp;y&nbsp;<strong>Necaxa<\/strong>, mencion\u00f3 que, de concretarse,<strong>&nbsp;ser\u00eda cerrar con broche de oro una carrera brillante<\/strong>&nbsp;y que ser\u00eda hist\u00f3rica con seis mundiales a sus espaldas.<\/p>\n\n\n\n<blockquote class=\"wp-block-quote is-layout-flow wp-block-quote-is-layout-flow\">\n<p>&#8220;Pero retirarte despu\u00e9s de un Mundial, me parece que es cerrar con broche de oro, es lo que est\u00e1 tomando como decisi\u00f3n Memo, si esa es su decisi\u00f3n, por supuesto que el agradecimiento a toda una carrera, pr\u00e1cticamente de ser m\u00e1s all\u00e1 de un hist\u00f3rico, el \u00fanico jugador mexicano que est\u00e9 con seis Mundiales, de ninguna manera es poca cosa&#8221;, explic\u00f3 el canterano de Pumas.<\/p>\n<\/blockquote>\n\n\n\n<p>R\u00edos explic\u00f3 que la mayor\u00eda de las veces<strong>&nbsp;el futbol retira a los jugadores<\/strong>, pero que en este caso&nbsp;<strong>ser\u00eda muy prudente y correcto<\/strong>&nbsp;que \u00e9l decida hacerlo<strong>&nbsp;despu\u00e9s de convertirse en un hist\u00f3rico<\/strong>.<\/p>\n\n\n\n<blockquote class=\"wp-block-quote is-layout-flow wp-block-quote-is-layout-flow\">\n<p>&#8220;Entonces unirnos en todo momento a esa decisi\u00f3n. En ocasiones el futbol no te da oportunidad de decidir tu retiro, sino que el futbol te va retirando de una manera natural, en este caso me parece que si Memo toma esa decisi\u00f3n, es lo m\u00e1s correcto, lo m\u00e1s prudente, retirarnos en un lugar hist\u00f3rico de nuestro futbol&#8221;, concluy\u00f3.<\/p>\n<\/blockquote>\n<div class='share-to-whatsapp-wrapper'><div class='share-on-whsp'>Share on: <\/div><a data-text='\u201cLo m\u00e1s adecuado y sensato\u201d: Adolfo R\u00edos comenta posible retiro de Memo Ochoa tras Mundial' data-link='https:\/\/portaltactica.com\/?p=104224' class='whatsapp-button whatsapp-share'>WhatsApp<\/a><div class='clear '><\/div><\/div>","protected":false},"excerpt":{"rendered":"<p>Francisco Guillermo Ochoa\u00a0est\u00e1 por participar en su\u00a0sexta Copa del Mundo, a falta de que se confirme su convocatoria para el certamen&hellip;<\/p>\n","protected":false},"author":2,"featured_media":104225,"comment_status":"closed","ping_status":"closed","sticky":false,"template":"","format":"standard","meta":{"advanced_seo_description":"","jetpack_seo_html_title":"","jetpack_seo_noindex":false,"_jetpack_memberships_contains_paid_content":false,"footnotes":"","jetpack_publicize_message":"","jetpack_publicize_feature_enabled":true,"jetpack_social_post_already_shared":true,"jetpack_social_options":{"image_generator_settings":{"template":"highway","default_image_id":0,"font":"","enabled":false},"version":2}},"categories":[1897],"tags":[],"class_list":["post-104224","post","type-post","status-publish","format-standard","has-post-thumbnail","hentry","category-destacado-nacional"],"jetpack_publicize_connections":[],"jetpack_featured_media_url":"https:\/\/portaltactica.com\/wp-content\/uploads\/2026\/04\/6-5.jpg","jetpack_sharing_enabled":true,"_links":{"self":[{"href":"https:\/\/portaltactica.com\/index.php?rest_route=\/wp\/v2\/posts\/104224","targetHints":{"allow":["GET"]}}],"collection":[{"href":"https:\/\/portaltactica.com\/index.php?rest_route=\/wp\/v2\/posts"}],"about":[{"href":"https:\/\/portaltactica.com\/index.php?rest_route=\/wp\/v2\/types\/post"}],"author":[{"embeddable":true,"href":"https:\/\/portaltactica.com\/index.php?rest_route=\/wp\/v2\/users\/2"}],"replies":[{"embeddable":true,"href":"https:\/\/portaltactica.com\/index.php?rest_route=%2Fwp%2Fv2%2Fcomments&post=104224"}],"version-history":[{"count":1,"href":"https:\/\/portaltactica.com\/index.php?rest_route=\/wp\/v2\/posts\/104224\/revisions"}],"predecessor-version":[{"id":104226,"href":"https:\/\/portaltactica.com\/index.php?rest_route=\/wp\/v2\/posts\/104224\/revisions\/104226"}],"wp:featuredmedia":[{"embeddable":true,"href":"https:\/\/portaltactica.com\/index.php?rest_route=\/wp\/v2\/media\/104225"}],"wp:attachment":[{"href":"https:\/\/portaltactica.com\/index.php?rest_route=%2Fwp%2Fv2%2Fmedia&parent=104224"}],"wp:term":[{"taxonomy":"category","embeddable":true,"href":"https:\/\/portaltactica.com\/index.php?rest_route=%2Fwp%2Fv2%2Fcategories&post=104224"},{"taxonomy":"post_tag","embeddable":true,"href":"https:\/\/portaltactica.com\/index.php?rest_route=%2Fwp%2Fv2%2Ftags&post=104224"}],"curies":[{"name":"wp","href":"https:\/\/api.w.org\/{rel}","templated":true}]}}