{"id":104210,"date":"2026-04-30T13:29:05","date_gmt":"2026-04-30T20:29:05","guid":{"rendered":"https:\/\/portaltactica.com\/?p=104210"},"modified":"2026-04-30T13:29:07","modified_gmt":"2026-04-30T20:29:07","slug":"fc-bayern-munich-y-manuel-neuer-acercan-acuerdo-para-renovar-hasta-junio-de-2027","status":"publish","type":"post","link":"https:\/\/portaltactica.com\/?p=104210","title":{"rendered":"FC Bayern M\u00fanich y Manuel Neuer acercan acuerdo para renovar hasta junio de 2027"},"content":{"rendered":"\n<p><strong>Manuel Neuer<\/strong>, arquero alem\u00e1n del\u00a0<strong>FC Bayern M\u00fanich<\/strong>, estar\u00eda extendiendo su v\u00ednculo con el conjunto b\u00e1varo hasta junio de 2027. Reportes de\u00a0<strong>Sky Sports Alemania<\/strong>, aseguran que el portero del conjunto germano tendr\u00eda una \u00faltima temporada como futbolista del\u00a0<strong>Bayern<\/strong>.<\/p>\n\n\n\n<p>El guardameta alem\u00e1n est\u00e1 teniendo una temporada extraordinaria con el conjunto b\u00e1varo, esto tras ganar el t\u00edtulo de la&nbsp;<strong>Bundesliga,<\/strong>&nbsp;estar en Semifinales de la&nbsp;<strong>Champions League&nbsp;<\/strong>y clasificar a&nbsp;la final dela&nbsp;<strong>Copa Alemana.<\/strong><\/p>\n\n\n\n<p><strong>Neuer\u00a0<\/strong>fue factor en la eliminatoria que tuvieron los b\u00e1varos ante el conjunto del\u00a0<strong>Real Madrid<\/strong>, una serie en la que el guardameta fue factor en la porter\u00eda del\u00a0<strong>Bayern\u00a0<\/strong>tras varios disparosde\u00a0<strong>Kylian Mbappe<\/strong>\u00a0y\u00a0<strong>Vinicius Jr<\/strong>.<\/p>\n\n\n\n<p>El nuevo contrato extender\u00eda su v\u00ednculo por un a\u00f1o m\u00e1s con el&nbsp;<strong>M\u00fanich<\/strong>, sin embargo, en caso de no querer renovar con el equipo alem\u00e1n podr\u00eda llegar de forma gratuita a cualquier equipo tras finalizar su antiguo vinculo el pr\u00f3ximo mes de junio.<\/p>\n\n\n\n<p><strong>\u00bfCu\u00e1ndo lleg\u00f3 Manuel Neuer al FC Bayern M\u00fanich?<\/strong><\/p>\n\n\n\n<p>El guardameta alem\u00e1n fue fichado por el equipo b\u00e1varo en el 2011 tras su paso por el&nbsp;<strong>Shalke 04<\/strong>, por lo que, en caso de firmar un nuevo vinculo estar\u00eda cumpliendo m\u00e1s de 15 a\u00f1os como jugador del&nbsp;<strong>Bayern&nbsp;M\u00fanich.<\/strong><\/p>\n\n\n\n<p><strong>\u00bfManuel Neuer ser\u00e1 factor en la Vuelta de Semifinales en la Champions League?<\/strong><\/p>\n\n\n\n<p>El partido de Ida no fue nada grato para el equipo alem\u00e1n, un encuentro en el que\u00a0<strong>perdieron 5-4\u00a0<\/strong>ante el<strong>\u00a0Paris Saint-Germain<\/strong>\u00a0y en el que\u00a0<strong>Neuer<\/strong>\u00a0fue duramente se\u00f1alado por la cantidad de goles encajados al\u00a0<strong>Bayern M\u00fanich<\/strong>.<\/p>\n\n\n\n<p><\/p>\n<div class='share-to-whatsapp-wrapper'><div class='share-on-whsp'>Share on: <\/div><a data-text='FC Bayern M\u00fanich y Manuel Neuer acercan acuerdo para renovar hasta junio de 2027' data-link='https:\/\/portaltactica.com\/?p=104210' class='whatsapp-button whatsapp-share'>WhatsApp<\/a><div class='clear '><\/div><\/div>","protected":false},"excerpt":{"rendered":"<p>Manuel Neuer, arquero alem\u00e1n del\u00a0FC Bayern M\u00fanich, estar\u00eda extendiendo su v\u00ednculo con el conjunto b\u00e1varo hasta junio de 2027. Reportes de\u00a0Sky&hellip;<\/p>\n","protected":false},"author":2,"featured_media":104211,"comment_status":"closed","ping_status":"closed","sticky":false,"template":"","format":"standard","meta":{"advanced_seo_description":"","jetpack_seo_html_title":"","jetpack_seo_noindex":false,"_jetpack_memberships_contains_paid_content":false,"footnotes":"","jetpack_publicize_message":"","jetpack_publicize_feature_enabled":true,"jetpack_social_post_already_shared":true,"jetpack_social_options":{"image_generator_settings":{"template":"highway","default_image_id":0,"font":"","enabled":false},"version":2}},"categories":[1896],"tags":[],"class_list":["post-104210","post","type-post","status-publish","format-standard","has-post-thumbnail","hentry","category-destacado-portada"],"jetpack_publicize_connections":[],"jetpack_featured_media_url":"https:\/\/portaltactica.com\/wp-content\/uploads\/2026\/04\/2-15.png","jetpack_sharing_enabled":true,"_links":{"self":[{"href":"https:\/\/portaltactica.com\/index.php?rest_route=\/wp\/v2\/posts\/104210","targetHints":{"allow":["GET"]}}],"collection":[{"href":"https:\/\/portaltactica.com\/index.php?rest_route=\/wp\/v2\/posts"}],"about":[{"href":"https:\/\/portaltactica.com\/index.php?rest_route=\/wp\/v2\/types\/post"}],"author":[{"embeddable":true,"href":"https:\/\/portaltactica.com\/index.php?rest_route=\/wp\/v2\/users\/2"}],"replies":[{"embeddable":true,"href":"https:\/\/portaltactica.com\/index.php?rest_route=%2Fwp%2Fv2%2Fcomments&post=104210"}],"version-history":[{"count":1,"href":"https:\/\/portaltactica.com\/index.php?rest_route=\/wp\/v2\/posts\/104210\/revisions"}],"predecessor-version":[{"id":104212,"href":"https:\/\/portaltactica.com\/index.php?rest_route=\/wp\/v2\/posts\/104210\/revisions\/104212"}],"wp:featuredmedia":[{"embeddable":true,"href":"https:\/\/portaltactica.com\/index.php?rest_route=\/wp\/v2\/media\/104211"}],"wp:attachment":[{"href":"https:\/\/portaltactica.com\/index.php?rest_route=%2Fwp%2Fv2%2Fmedia&parent=104210"}],"wp:term":[{"taxonomy":"category","embeddable":true,"href":"https:\/\/portaltactica.com\/index.php?rest_route=%2Fwp%2Fv2%2Fcategories&post=104210"},{"taxonomy":"post_tag","embeddable":true,"href":"https:\/\/portaltactica.com\/index.php?rest_route=%2Fwp%2Fv2%2Ftags&post=104210"}],"curies":[{"name":"wp","href":"https:\/\/api.w.org\/{rel}","templated":true}]}}