{"id":104191,"date":"2026-04-29T14:52:11","date_gmt":"2026-04-29T21:52:11","guid":{"rendered":"https:\/\/portaltactica.com\/?p=104191"},"modified":"2026-04-29T14:52:14","modified_gmt":"2026-04-29T21:52:14","slug":"isaac-del-toro-no-estara-presente-en-el-giro-de-italia-2026","status":"publish","type":"post","link":"https:\/\/portaltactica.com\/?p=104191","title":{"rendered":"Isaac del Toro no estar\u00e1 presente en el Giro de Italia 2026"},"content":{"rendered":"\n<p>El\u00a0<strong>Giro de Italia\u00a02026<\/strong>\u00a0ya comienza a tomar forma con una lista de participantes que promete espect\u00e1culo puro en la edici\u00f3n 109 de la\u00a0<strong>Corsa Rosa<\/strong>, una de las competencias m\u00e1s exigentes del calendario internacional.<\/p>\n\n\n\n<p>La carrera se disputar\u00e1 del 8 al 31 de mayo, con un recorrido que arrancar\u00e1 en Bulgaria y culminar\u00e1 en&nbsp;<strong>Roma<\/strong>, reuniendo a 23 equipos entre escuadras&nbsp;<strong>WorldTour<\/strong>&nbsp;y conjuntos invitados. Aunque las n\u00f3minas a\u00fan pueden sufrir cambios, el nivel competitivo ya luce de \u00e9lite.<\/p>\n\n\n\n<h2 class=\"wp-block-heading\">Un cartel de lujo para pelear la general<\/h2>\n\n\n\n<p>El pelot\u00f3n contar\u00e1 con nombres de peso que apuntan directamente a la clasificaci\u00f3n general, como<strong>&nbsp;Jonas Vingegaard, Egan Bernal y Richard Carapaz<\/strong>, adem\u00e1s de otros protagonistas como&nbsp;<strong>Enric Mas, Jai Hindley, Giulio Ciccone y Adam Yates<\/strong>.<\/p>\n\n\n\n<p>La mezcla de talentos incluye l\u00edderes de tres semanas, especialistas en monta\u00f1a, contrarrelojistas y velocistas, lo que garantiza una carrera abierta y llena de estrategias.<\/p>\n\n\n\n<h2 class=\"wp-block-heading\"><br>La gran ausencia: Isaac del Toro<\/h2>\n\n\n\n<p>Entre los nombres que no aparecen destaca el mexicano\u00a0<strong>Isaac del Toro<\/strong>, quien fue una de las revelaciones en 2025 al terminar en el segundo lugar y portar la maglia rosa durante 11 etapas.<\/p>\n\n\n\n<p>Su ausencia ha generado sorpresa, considerando su crecimiento dentro del pelot\u00f3n internacional y el impacto que tuvo en la edici\u00f3n pasada, donde comenz\u00f3 su gran despunte a la cima.<\/p>\n\n\n\n<h2 class=\"wp-block-heading\">\u00bfPor qu\u00e9 no correr\u00e1 el Giro?<\/h2>\n\n\n\n<p>La decisi\u00f3n responde a una estrategia del equipo&nbsp;<strong>UAE Team Emirates XRG<\/strong>, que ha enfocado la temporada del mexicano hacia el&nbsp;<strong>Tour de Francia 2026<\/strong>.<\/p>\n\n\n\n<p>Tras una ca\u00edda en la&nbsp;<strong>Vuelta al Pa\u00eds Vasco<\/strong>, el plan es administrar su carga competitiva y prepararlo para debutar en la ronda francesa, considerada la prueba m\u00e1s importante del ciclismo mundial.<\/p>\n<div class='share-to-whatsapp-wrapper'><div class='share-on-whsp'>Share on: <\/div><a data-text='Isaac del Toro no estar\u00e1 presente en el Giro de Italia 2026' data-link='https:\/\/portaltactica.com\/?p=104191' class='whatsapp-button whatsapp-share'>WhatsApp<\/a><div class='clear '><\/div><\/div>","protected":false},"excerpt":{"rendered":"<p>El\u00a0Giro de Italia\u00a02026\u00a0ya comienza a tomar forma con una lista de participantes que promete espect\u00e1culo puro en la edici\u00f3n 109 de&hellip;<\/p>\n","protected":false},"author":2,"featured_media":104192,"comment_status":"closed","ping_status":"closed","sticky":false,"template":"","format":"standard","meta":{"advanced_seo_description":"","jetpack_seo_html_title":"","jetpack_seo_noindex":false,"_jetpack_memberships_contains_paid_content":false,"footnotes":"","jetpack_publicize_message":"","jetpack_publicize_feature_enabled":true,"jetpack_social_post_already_shared":true,"jetpack_social_options":{"image_generator_settings":{"template":"highway","default_image_id":0,"font":"","enabled":false},"version":2}},"categories":[1896],"tags":[],"class_list":["post-104191","post","type-post","status-publish","format-standard","has-post-thumbnail","hentry","category-destacado-portada"],"jetpack_publicize_connections":[],"jetpack_featured_media_url":"https:\/\/portaltactica.com\/wp-content\/uploads\/2026\/04\/7-16.png","jetpack_sharing_enabled":true,"_links":{"self":[{"href":"https:\/\/portaltactica.com\/index.php?rest_route=\/wp\/v2\/posts\/104191","targetHints":{"allow":["GET"]}}],"collection":[{"href":"https:\/\/portaltactica.com\/index.php?rest_route=\/wp\/v2\/posts"}],"about":[{"href":"https:\/\/portaltactica.com\/index.php?rest_route=\/wp\/v2\/types\/post"}],"author":[{"embeddable":true,"href":"https:\/\/portaltactica.com\/index.php?rest_route=\/wp\/v2\/users\/2"}],"replies":[{"embeddable":true,"href":"https:\/\/portaltactica.com\/index.php?rest_route=%2Fwp%2Fv2%2Fcomments&post=104191"}],"version-history":[{"count":1,"href":"https:\/\/portaltactica.com\/index.php?rest_route=\/wp\/v2\/posts\/104191\/revisions"}],"predecessor-version":[{"id":104193,"href":"https:\/\/portaltactica.com\/index.php?rest_route=\/wp\/v2\/posts\/104191\/revisions\/104193"}],"wp:featuredmedia":[{"embeddable":true,"href":"https:\/\/portaltactica.com\/index.php?rest_route=\/wp\/v2\/media\/104192"}],"wp:attachment":[{"href":"https:\/\/portaltactica.com\/index.php?rest_route=%2Fwp%2Fv2%2Fmedia&parent=104191"}],"wp:term":[{"taxonomy":"category","embeddable":true,"href":"https:\/\/portaltactica.com\/index.php?rest_route=%2Fwp%2Fv2%2Fcategories&post=104191"},{"taxonomy":"post_tag","embeddable":true,"href":"https:\/\/portaltactica.com\/index.php?rest_route=%2Fwp%2Fv2%2Ftags&post=104191"}],"curies":[{"name":"wp","href":"https:\/\/api.w.org\/{rel}","templated":true}]}}