{"id":104175,"date":"2026-04-29T12:30:01","date_gmt":"2026-04-29T19:30:01","guid":{"rendered":"https:\/\/portaltactica.com\/?p=104175"},"modified":"2026-04-29T12:30:04","modified_gmt":"2026-04-29T19:30:04","slug":"queretaro-comienza-su-reestructuracion-de-cara-al-apertura-2026-con-7-salidas","status":"publish","type":"post","link":"https:\/\/portaltactica.com\/?p=104175","title":{"rendered":"Quer\u00e9taro comienza su reestructuraci\u00f3n de cara al Apertura 2026 con 7 salidas"},"content":{"rendered":"\n<p>A unos d\u00edas de que\u00a0<strong>Quer\u00e9taro\u00a0<\/strong>concluy\u00f3 su participaci\u00f3n en el torneo\u00a0<strong>Clausura 2026<\/strong>\u00a0de la<strong>\u00a0Liga MX<\/strong>, los<strong>\u00a0Gallos Blancos\u00a0<\/strong>ya iniciaron su &#8216;limpia&#8217; de cara al siguiente campeonato, el\u00a0<strong>Apertura 2026,<\/strong>\u00a0mismo que arrancar\u00e1 en el mes de julio.<\/p>\n\n\n\n<p>A trav\u00e9s de sus redes sociales, el conjunto queretano dio a conocer el nombre de los<strong>&nbsp;siete jugares que ya no entraron en los planes del equipo<\/strong>, mismo que termin\u00f3 el actual torneo en el lugar 11 de la Tabla General.<\/p>\n\n\n\n<h2 class=\"wp-block-heading\">\u00bfQui\u00e9nes son las bajas de Quer\u00e9taro para el Apertura 2026?<\/h2>\n\n\n\n<p>Los futbolistas que ya no son parte del Quer\u00e9taro son:<\/p>\n\n\n\n<ul class=\"wp-block-list\">\n<li>Luis Guti\u00e9rrez<\/li>\n\n\n\n<li>Lucas Rodr\u00edguez<\/li>\n\n\n\n<li>Jaime G\u00f3mez<\/li>\n\n\n\n<li>Eduardo Armenta<\/li>\n\n\n\n<li>Luis Villegas<\/li>\n\n\n\n<li>Jhojan Julio<\/li>\n\n\n\n<li>Fernando Gonz\u00e1lez<\/li>\n<\/ul>\n\n\n\n<p>&#8220;<strong>Gracias por cada minuto defendiendo estos colores<\/strong>. \u00a1Mucho \u00e9xito en lo que viene!&#8221;, fue el mensaje con el que el club despidi\u00f3 y agradeci\u00f3 a los futbolistas que hasta hace unos d\u00edas formaron parte de sus filas.<\/p>\n\n\n\n<figure class=\"wp-block-embed is-type-rich is-provider-twitter wp-block-embed-twitter\"><div class=\"wp-block-embed__wrapper\">\n<div class=\"embed-twitter\"><blockquote class=\"twitter-tweet\" data-width=\"550\" data-dnt=\"true\"><p lang=\"es\" dir=\"ltr\">Gracias por cada minuto defendiendo estos colores. <br><br>\u00a1Mucho \u00e9xito en lo que viene! \ud83d\udc13\ud83d\udc99<a href=\"https:\/\/twitter.com\/hashtag\/ResetAzulyNegro?src=hash&amp;ref_src=twsrc%5Etfw\">#ResetAzulyNegro<\/a> <a href=\"https:\/\/t.co\/vHUAlwnni0\">pic.twitter.com\/vHUAlwnni0<\/a><\/p>&mdash; Gallos Blancos \ud83d\udc13 (@Club_Queretaro) <a href=\"https:\/\/twitter.com\/Club_Queretaro\/status\/2049524760304926803?ref_src=twsrc%5Etfw\">April 29, 2026<\/a><\/blockquote><script async src=\"https:\/\/platform.twitter.com\/widgets.js\" charset=\"utf-8\"><\/script><\/div>\n<\/div><\/figure>\n\n\n\n<h2 class=\"wp-block-heading\">\u00bfCu\u00e1ndo inicia el Apertura 2026?<\/h2>\n\n\n\n<p>Fue en la<strong>\u00a0Asamblea de Clubes<\/strong>\u00a0donde se dio a conocer la fecha exacta del inicio y fin del pr\u00f3ximo campeonato. Ser\u00e1 el\u00a0<strong>jueves 16 de julio\u00a0<\/strong>cuando inicie el Apertura 2026, mismo que vivir\u00e1 su gran Final los d\u00edas<strong>\u00a010 y 13 de diciembre<\/strong>.\u00a0<\/p>\n\n\n\n<p>Cabe destacar que las fechas de los juegos en donde se definir\u00e1 al Campe\u00f3n podr\u00edan modificarse debido a la&nbsp;<strong>Copa Intercontinental de la FIFA<\/strong>.&nbsp;<\/p>\n<div class='share-to-whatsapp-wrapper'><div class='share-on-whsp'>Share on: <\/div><a data-text='Quer\u00e9taro comienza su reestructuraci\u00f3n de cara al Apertura 2026 con 7 salidas' data-link='https:\/\/portaltactica.com\/?p=104175' class='whatsapp-button whatsapp-share'>WhatsApp<\/a><div class='clear '><\/div><\/div>","protected":false},"excerpt":{"rendered":"<p>A unos d\u00edas de que\u00a0Quer\u00e9taro\u00a0concluy\u00f3 su participaci\u00f3n en el torneo\u00a0Clausura 2026\u00a0de la\u00a0Liga MX, los\u00a0Gallos Blancos\u00a0ya iniciaron su &#8216;limpia&#8217; de cara al&hellip;<\/p>\n","protected":false},"author":2,"featured_media":104176,"comment_status":"closed","ping_status":"closed","sticky":false,"template":"","format":"standard","meta":{"advanced_seo_description":"","jetpack_seo_html_title":"","jetpack_seo_noindex":false,"_jetpack_memberships_contains_paid_content":false,"footnotes":"","jetpack_publicize_message":"","jetpack_publicize_feature_enabled":true,"jetpack_social_post_already_shared":true,"jetpack_social_options":{"image_generator_settings":{"template":"highway","default_image_id":0,"font":"","enabled":false},"version":2}},"categories":[1897],"tags":[],"class_list":["post-104175","post","type-post","status-publish","format-standard","has-post-thumbnail","hentry","category-destacado-nacional"],"jetpack_publicize_connections":[],"jetpack_featured_media_url":"https:\/\/portaltactica.com\/wp-content\/uploads\/2026\/04\/2-6.jpg","jetpack_sharing_enabled":true,"_links":{"self":[{"href":"https:\/\/portaltactica.com\/index.php?rest_route=\/wp\/v2\/posts\/104175","targetHints":{"allow":["GET"]}}],"collection":[{"href":"https:\/\/portaltactica.com\/index.php?rest_route=\/wp\/v2\/posts"}],"about":[{"href":"https:\/\/portaltactica.com\/index.php?rest_route=\/wp\/v2\/types\/post"}],"author":[{"embeddable":true,"href":"https:\/\/portaltactica.com\/index.php?rest_route=\/wp\/v2\/users\/2"}],"replies":[{"embeddable":true,"href":"https:\/\/portaltactica.com\/index.php?rest_route=%2Fwp%2Fv2%2Fcomments&post=104175"}],"version-history":[{"count":1,"href":"https:\/\/portaltactica.com\/index.php?rest_route=\/wp\/v2\/posts\/104175\/revisions"}],"predecessor-version":[{"id":104177,"href":"https:\/\/portaltactica.com\/index.php?rest_route=\/wp\/v2\/posts\/104175\/revisions\/104177"}],"wp:featuredmedia":[{"embeddable":true,"href":"https:\/\/portaltactica.com\/index.php?rest_route=\/wp\/v2\/media\/104176"}],"wp:attachment":[{"href":"https:\/\/portaltactica.com\/index.php?rest_route=%2Fwp%2Fv2%2Fmedia&parent=104175"}],"wp:term":[{"taxonomy":"category","embeddable":true,"href":"https:\/\/portaltactica.com\/index.php?rest_route=%2Fwp%2Fv2%2Fcategories&post=104175"},{"taxonomy":"post_tag","embeddable":true,"href":"https:\/\/portaltactica.com\/index.php?rest_route=%2Fwp%2Fv2%2Ftags&post=104175"}],"curies":[{"name":"wp","href":"https:\/\/api.w.org\/{rel}","templated":true}]}}