{"id":104153,"date":"2026-04-28T14:50:40","date_gmt":"2026-04-28T21:50:40","guid":{"rendered":"https:\/\/portaltactica.com\/?p=104153"},"modified":"2026-04-28T14:50:40","modified_gmt":"2026-04-28T21:50:40","slug":"celebran-a-la-ninez-en-el-cam-23","status":"publish","type":"post","link":"https:\/\/portaltactica.com\/?p=104153","title":{"rendered":"Celebran a la ni\u00f1ez en el CAM 23"},"content":{"rendered":"\n<p>Entrega Imdem art\u00edculos deportivos para que alumnos con discapacidad o neurodivergencia disfruten de la cultura f\u00edsica.<br><br><br>Mazatl\u00e1n, Sinaloa a 28 de abril de 2026.- Una divertida ma\u00f1ana, llena de actividad f\u00edsica, vivieron los alumnos, docentes y padres de familia del Centro de Atenci\u00f3n M\u00faltiple (CAM) 23, ubicado en el Fraccionamiento El Toreo, en el marco de la celebraci\u00f3n del D\u00eda de la Ni\u00f1ez.<br><br>Para acompa\u00f1ar su festejo, atletas de la Selecci\u00f3n Mazatl\u00e1n de Deporte Adaptado acudieron al CAM 23, as\u00ed como el jefe operativo de Promoci\u00f3n Deportiva Urbano, Kevin Cisneros Navarro, quien a nombre del director del Instituto Municipal del Deporte, Ezequiel Mora Bracamontes, salud\u00f3 a los presentes y entreg\u00f3 un kit de art\u00edculos deportivos a la directora del plantel, Mar\u00eda del Refugio Pati\u00f1o Aispuro.<br><br>&#8220;Nuestra Presidenta Municipal, Estrella Palacios, les env\u00eda este paquete de art\u00edculos deportivos para que sigan disfrutando de la cultura f\u00edsica; as\u00ed mismo, esperamos que algunos de ustedes nos acompa\u00f1en en los entrenamientos y puedan desarrollar su talento en distintas disciplinas, para despu\u00e9s participar en competencias nacionales e incluso internacionales&#8221;, expres\u00f3 Cisneros Navarro.<br><br>Los circuitos y juegos fueron coordinados por la Supervisi\u00f3n de Educaci\u00f3n F\u00edsica Zona 08 Preescolar, integrada por \u00d3scar Flores C\u00f3rdoba, Lidia Uxmal P\u00e9rez Alfaro, Miguel L\u00f3pez Armenta, Aaron Villanueva Camacho, as\u00ed como Samuel Gaxiola Verduzco.<br><br>Al final de la actividad f\u00edsica, los participantes departieron en un convivio que el cantante Luis \u00c1ngel Franco, &#8220;El Flaco&#8221;, invito a los ni\u00f1os y j\u00f3venes con discapacidad y neurodivegencia.<\/p>\n<div class='share-to-whatsapp-wrapper'><div class='share-on-whsp'>Share on: <\/div><a data-text='Celebran a la ni\u00f1ez en el CAM 23' data-link='https:\/\/portaltactica.com\/?p=104153' class='whatsapp-button whatsapp-share'>WhatsApp<\/a><div class='clear '><\/div><\/div>","protected":false},"excerpt":{"rendered":"<p>Entrega Imdem art\u00edculos deportivos para que alumnos con discapacidad o neurodivergencia disfruten de la cultura f\u00edsica. Mazatl\u00e1n, Sinaloa a 28 de&hellip;<\/p>\n","protected":false},"author":1,"featured_media":104152,"comment_status":"","ping_status":"","sticky":false,"template":"","format":"standard","meta":{"advanced_seo_description":"","jetpack_seo_html_title":"","jetpack_seo_noindex":false,"_jetpack_memberships_contains_paid_content":false,"footnotes":"","jetpack_publicize_message":"","jetpack_publicize_feature_enabled":true,"jetpack_social_post_already_shared":true,"jetpack_social_options":{"image_generator_settings":{"template":"highway","default_image_id":0,"font":"","enabled":false},"version":2}},"categories":[1899],"tags":[37],"class_list":["post-104153","post","type-post","status-publish","format-standard","has-post-thumbnail","hentry","category-destacado-mazatlan","tag-imdem"],"jetpack_publicize_connections":[],"jetpack_featured_media_url":"https:\/\/portaltactica.com\/wp-content\/uploads\/2026\/04\/IMG-20260428-WA0037.jpg","jetpack_sharing_enabled":true,"_links":{"self":[{"href":"https:\/\/portaltactica.com\/index.php?rest_route=\/wp\/v2\/posts\/104153","targetHints":{"allow":["GET"]}}],"collection":[{"href":"https:\/\/portaltactica.com\/index.php?rest_route=\/wp\/v2\/posts"}],"about":[{"href":"https:\/\/portaltactica.com\/index.php?rest_route=\/wp\/v2\/types\/post"}],"author":[{"embeddable":true,"href":"https:\/\/portaltactica.com\/index.php?rest_route=\/wp\/v2\/users\/1"}],"replies":[{"embeddable":true,"href":"https:\/\/portaltactica.com\/index.php?rest_route=%2Fwp%2Fv2%2Fcomments&post=104153"}],"version-history":[{"count":0,"href":"https:\/\/portaltactica.com\/index.php?rest_route=\/wp\/v2\/posts\/104153\/revisions"}],"wp:featuredmedia":[{"embeddable":true,"href":"https:\/\/portaltactica.com\/index.php?rest_route=\/wp\/v2\/media\/104152"}],"wp:attachment":[{"href":"https:\/\/portaltactica.com\/index.php?rest_route=%2Fwp%2Fv2%2Fmedia&parent=104153"}],"wp:term":[{"taxonomy":"category","embeddable":true,"href":"https:\/\/portaltactica.com\/index.php?rest_route=%2Fwp%2Fv2%2Fcategories&post=104153"},{"taxonomy":"post_tag","embeddable":true,"href":"https:\/\/portaltactica.com\/index.php?rest_route=%2Fwp%2Fv2%2Ftags&post=104153"}],"curies":[{"name":"wp","href":"https:\/\/api.w.org\/{rel}","templated":true}]}}