{"id":104136,"date":"2026-04-28T12:59:30","date_gmt":"2026-04-28T19:59:30","guid":{"rendered":"https:\/\/portaltactica.com\/?p=104136"},"modified":"2026-04-28T12:59:32","modified_gmt":"2026-04-28T19:59:32","slug":"nuevo-rumbo-para-atlas-buscan-a-exdirectivo-de-chivas-bajo-grupo-prodi","status":"publish","type":"post","link":"https:\/\/portaltactica.com\/?p=104136","title":{"rendered":"Nuevo rumbo para Atlas: buscan a exdirectivo de Chivas bajo Grupo PRODI"},"content":{"rendered":"\n<p>Una nueva era espera en el horizonte a\u00a0<strong>Atlas<\/strong>. La semana pasada, en la Asamblea de Due\u00f1os de la\u00a0<strong>Liga MX<\/strong>, se confirm\u00f3 la venta del equipo rojinegro, que dejar\u00e1 a\u00a0<strong>Grupo Orlegi<\/strong>\u00a0tras la compra por parte de\u00a0<strong>Grupo PRODI<\/strong>, encabezada por el empresario mexicano\u00a0<strong>Jos\u00e9 Miguel Bejos.<\/strong><\/p>\n\n\n\n<p>Si bien la operaci\u00f3n a\u00fan se encuentra sujeta a los&nbsp;procesos de ratificaci\u00f3n y aprobaci\u00f3n&nbsp;por parte de la&nbsp;<strong>Federaci\u00f3n Mexicana de Futbol&nbsp;<\/strong>(FMF), as\u00ed como a la autorizaci\u00f3n de la&nbsp;<strong>Comisi\u00f3n Nacional Antimonopolio<\/strong>&nbsp;(CNA), no hay motivos para pensar que los tr\u00e1mites encuentren alg\u00fan obst\u00e1culo. Con ello, llegar\u00e1 a su fin la multipropiedad en el futbol mexicano y el equipo tapat\u00edo iniciar\u00e1 un nuevo cap\u00edtulo en su historia.<\/p>\n\n\n\n<p>En ese contexto, con su salida de Grupo Orlegi, Atlas tendr\u00e1 renovaci\u00f3n a nivel directivo de cara al\u00a0<strong>Apertura 2026.\u00a0<\/strong>De acuerdo con informaci\u00f3n, los nuevos propietarios ya analizan lo que har\u00e1n en la pr\u00f3xima temporada y por ahora una de sus opciones es un exdirectivo experimentado que, entre otros equipos, pas\u00f3 por\u00a0<strong>Chivas<\/strong>.<\/p>\n\n\n\n<h2 class=\"wp-block-heading\">Atlas piensa en Pel\u00e1ez como director deportivo<\/h2>\n\n\n\n<p>Seg\u00fan la fuente,\u00a0<strong>Ricardo Pel\u00e1ez\u00a0<\/strong>por ahora est\u00e1 en la lista de nombres para elegir al director deportivo de Atlas. El exjugador conoci\u00f3 en\u00a0<strong>ESPN\u00a0<\/strong>a\u00a0<strong>Gerardo Casanova,\u00a0<\/strong>&#8220;gran amigo de\u00a0<strong>Horacio de la Vega<\/strong>, quien lo present\u00f3 al due\u00f1o de\u00a0<strong>Pericos de Puebla<\/strong>\u00a0del beisbol&#8221; y que fue designado como operador del club rojinegro tras la adquisici\u00f3n por parte de Grupo PRODI.<\/p>\n\n\n\n<p>&#8220;Casanova fue directivo de ESPN durante muchos a\u00f1os y el encargado de crear\u00a0<strong>Caliente TV<\/strong>, y me aseguran que tiene en la mira a un director deportivo que conoci\u00f3 muy bien en el L\u00edder Mundial: al querido Richie Pel\u00e1ez, quien le dio un repas\u00f3n al aire al espadach\u00edn de la regioprensa que opera para\u00a0<strong>Filizola de Rayados<\/strong>, al responder a la acusaci\u00f3n de que se hab\u00eda ofrecido para el Monterrey, cosa que es mentira&#8221;.<\/p>\n\n\n\n<h2 class=\"wp-block-heading\">\u00bfC\u00f3mo es el historial de Pel\u00e1ez como directivo?<\/h2>\n\n\n\n<p>Pel\u00e1ez Linarez tiene un largo historial como directivo en el futbol mexicano. El exdelantero debut\u00f3 como director deportivo con&nbsp;<strong>Am\u00e9rica&nbsp;<\/strong>en 2011, luego de desempe\u00f1arse como director de la&nbsp;<strong>Comisi\u00f3n de Selecciones Nacionales&nbsp;<\/strong>en la&nbsp;<strong>Copa del Mundo Corea-Jap\u00f3n 2002.&nbsp;<\/strong>En 2013 volvi\u00f3 al Tri con miras a la&nbsp;<strong>Copa del Mundo Brasil 2014,&nbsp;<\/strong>tras la cual volvi\u00f3 a Coapa.<\/p>\n\n\n\n<p>Con las \u00c1guilas gan\u00f3 dos t\u00edtulos de&nbsp;<strong>Liga MX&nbsp;<\/strong>y dos de la&nbsp;<strong>Copa de Campeones de Concacaf&nbsp;<\/strong>antes de su salida en 2017. Para el a\u00f1o siguiente lleg\u00f3 a&nbsp;<strong>Cruz Azul,&nbsp;<\/strong>con el cual solo celebr\u00f3 una&nbsp;<strong>Copa MX&nbsp;<\/strong>y una&nbsp;<strong>Supercopa;&nbsp;<\/strong>sali\u00f3 del equipo cementero en septiembre 2019 y en noviembre de ese mismo a\u00f1o firm\u00f3 con Chivas. Asumi\u00f3 el cargo en el&nbsp;<strong>Clausura 2020,&nbsp;<\/strong>pero se march\u00f3 en 2022 sin ganar nada.<\/p>\n<div class='share-to-whatsapp-wrapper'><div class='share-on-whsp'>Share on: <\/div><a data-text='Nuevo rumbo para Atlas: buscan a exdirectivo de Chivas bajo Grupo PRODI' data-link='https:\/\/portaltactica.com\/?p=104136' class='whatsapp-button whatsapp-share'>WhatsApp<\/a><div class='clear '><\/div><\/div>","protected":false},"excerpt":{"rendered":"<p>Una nueva era espera en el horizonte a\u00a0Atlas. La semana pasada, en la Asamblea de Due\u00f1os de la\u00a0Liga MX, se confirm\u00f3&hellip;<\/p>\n","protected":false},"author":2,"featured_media":104137,"comment_status":"closed","ping_status":"closed","sticky":false,"template":"","format":"standard","meta":{"advanced_seo_description":"","jetpack_seo_html_title":"","jetpack_seo_noindex":false,"_jetpack_memberships_contains_paid_content":false,"footnotes":"","jetpack_publicize_message":"","jetpack_publicize_feature_enabled":true,"jetpack_social_post_already_shared":true,"jetpack_social_options":{"image_generator_settings":{"template":"highway","default_image_id":0,"font":"","enabled":false},"version":2}},"categories":[1896],"tags":[],"class_list":["post-104136","post","type-post","status-publish","format-standard","has-post-thumbnail","hentry","category-destacado-portada"],"jetpack_publicize_connections":[],"jetpack_featured_media_url":"https:\/\/portaltactica.com\/wp-content\/uploads\/2026\/04\/3-14.png","jetpack_sharing_enabled":true,"_links":{"self":[{"href":"https:\/\/portaltactica.com\/index.php?rest_route=\/wp\/v2\/posts\/104136","targetHints":{"allow":["GET"]}}],"collection":[{"href":"https:\/\/portaltactica.com\/index.php?rest_route=\/wp\/v2\/posts"}],"about":[{"href":"https:\/\/portaltactica.com\/index.php?rest_route=\/wp\/v2\/types\/post"}],"author":[{"embeddable":true,"href":"https:\/\/portaltactica.com\/index.php?rest_route=\/wp\/v2\/users\/2"}],"replies":[{"embeddable":true,"href":"https:\/\/portaltactica.com\/index.php?rest_route=%2Fwp%2Fv2%2Fcomments&post=104136"}],"version-history":[{"count":1,"href":"https:\/\/portaltactica.com\/index.php?rest_route=\/wp\/v2\/posts\/104136\/revisions"}],"predecessor-version":[{"id":104138,"href":"https:\/\/portaltactica.com\/index.php?rest_route=\/wp\/v2\/posts\/104136\/revisions\/104138"}],"wp:featuredmedia":[{"embeddable":true,"href":"https:\/\/portaltactica.com\/index.php?rest_route=\/wp\/v2\/media\/104137"}],"wp:attachment":[{"href":"https:\/\/portaltactica.com\/index.php?rest_route=%2Fwp%2Fv2%2Fmedia&parent=104136"}],"wp:term":[{"taxonomy":"category","embeddable":true,"href":"https:\/\/portaltactica.com\/index.php?rest_route=%2Fwp%2Fv2%2Fcategories&post=104136"},{"taxonomy":"post_tag","embeddable":true,"href":"https:\/\/portaltactica.com\/index.php?rest_route=%2Fwp%2Fv2%2Ftags&post=104136"}],"curies":[{"name":"wp","href":"https:\/\/api.w.org\/{rel}","templated":true}]}}