{"id":104117,"date":"2026-04-27T16:06:34","date_gmt":"2026-04-27T23:06:34","guid":{"rendered":"https:\/\/portaltactica.com\/?p=104117"},"modified":"2026-04-27T16:06:37","modified_gmt":"2026-04-27T23:06:37","slug":"se-pierde-el-mundial-luca-zidane-enfrenta-fractura-de-mandibula","status":"publish","type":"post","link":"https:\/\/portaltactica.com\/?p=104117","title":{"rendered":"\u00bfSe pierde el Mundial? Luca Zidane enfrenta fractura de mand\u00edbula"},"content":{"rendered":"\n<p><strong>Luca Zidane<\/strong>, portero del Granada y de la\u00a0<strong>selecci\u00f3n de Argelia,<\/strong>\u00a0sufri\u00f3 una<strong>\u00a0fractura de mand\u00edbula y ment\u00f3n<\/strong>\u00a0que le hacen perderse lo que queda de temporada en Segunda y complica mucho su presencia en la pr\u00f3xima\u00a0<strong>Copa del Mundo 2026 de la FIFA.<\/strong><\/p>\n\n\n\n<h2 class=\"wp-block-heading\">\u00bfQu\u00e9 lesi\u00f3n sufri\u00f3&nbsp;Luca Zidane?<\/h2>\n\n\n\n<p>El guardameta sufri\u00f3 un&nbsp;<strong>fuerte choque<\/strong>&nbsp;de forma fortuita en el tramo final del partido que su equipo perdi\u00f3 (2-4) este domingo en el&nbsp;<strong>Nuevo Los C\u00e1rmenes&nbsp;<\/strong>ante el&nbsp;<strong>Almer\u00eda<\/strong>, golpe que le oblig\u00f3 a ser cambiado y evacuado a un centro hospitalario.<\/p>\n\n\n\n<p>El&nbsp;<strong>Granada&nbsp;<\/strong>confirm\u00f3 este lunes que \u201clas pruebas m\u00e9dicas realizadas a Luca Zidane, tras la<strong>&nbsp;conmoci\u00f3n cerebral,&nbsp;<\/strong>revelan que el guardameta sufre tambi\u00e9n una&nbsp;<strong>fractura en su mand\u00edbula y ment\u00f3n\u201d.<\/strong><\/p>\n\n\n\n<p><strong>\u201cEl jugador, junto a los servicios m\u00e9dicos del Granada, decidir\u00e1 en las pr\u00f3ximas horas el&nbsp;tratamiento a seguir&nbsp;para tratar su dolencia\u201d, a\u00f1adi\u00f3 el club andaluz.<\/strong><\/p>\n\n\n\n<p>Esta lesi\u00f3n lleva a&nbsp;<strong>Luca Zidane&nbsp;<\/strong>a perderse lo que queda de temporada con el&nbsp;<strong>Granada&nbsp;<\/strong>en Segunda y complica su presencia en el pr\u00f3ximo&nbsp;<strong>Mundial&nbsp;<\/strong>con&nbsp;<strong>Argelia<\/strong>, combinado que forma parte del&nbsp;<strong>Grupo J&nbsp;<\/strong>junto con&nbsp;<strong>Argentina, Austria&nbsp;<\/strong>y<strong>&nbsp;Jordania.&nbsp;<\/strong><\/p>\n\n\n\n<p><strong>Luca Zidane&nbsp;<\/strong>ha sido el portero titular del&nbsp;<strong>combinado africano<\/strong>&nbsp;en toda la fase de clasificaci\u00f3n para dicho&nbsp;<strong>Mundial&nbsp;<\/strong>y mantiene esa vitola de cara a la cita norteamericana del pr\u00f3ximo verano.<\/p>\n<div class='share-to-whatsapp-wrapper'><div class='share-on-whsp'>Share on: <\/div><a data-text='\u00bfSe pierde el Mundial? Luca Zidane enfrenta fractura de mand\u00edbula' data-link='https:\/\/portaltactica.com\/?p=104117' class='whatsapp-button whatsapp-share'>WhatsApp<\/a><div class='clear '><\/div><\/div>","protected":false},"excerpt":{"rendered":"<p>Luca Zidane, portero del Granada y de la\u00a0selecci\u00f3n de Argelia,\u00a0sufri\u00f3 una\u00a0fractura de mand\u00edbula y ment\u00f3n\u00a0que le hacen perderse lo que queda&hellip;<\/p>\n","protected":false},"author":2,"featured_media":104118,"comment_status":"closed","ping_status":"closed","sticky":false,"template":"","format":"standard","meta":{"advanced_seo_description":"","jetpack_seo_html_title":"","jetpack_seo_noindex":false,"_jetpack_memberships_contains_paid_content":false,"footnotes":"","jetpack_publicize_message":"","jetpack_publicize_feature_enabled":true,"jetpack_social_post_already_shared":true,"jetpack_social_options":{"image_generator_settings":{"template":"highway","default_image_id":0,"font":"","enabled":false},"version":2}},"categories":[1898],"tags":[],"class_list":["post-104117","post","type-post","status-publish","format-standard","has-post-thumbnail","hentry","category-destacado-internacional"],"jetpack_publicize_connections":[],"jetpack_featured_media_url":"https:\/\/portaltactica.com\/wp-content\/uploads\/2026\/04\/6-17.png","jetpack_sharing_enabled":true,"_links":{"self":[{"href":"https:\/\/portaltactica.com\/index.php?rest_route=\/wp\/v2\/posts\/104117","targetHints":{"allow":["GET"]}}],"collection":[{"href":"https:\/\/portaltactica.com\/index.php?rest_route=\/wp\/v2\/posts"}],"about":[{"href":"https:\/\/portaltactica.com\/index.php?rest_route=\/wp\/v2\/types\/post"}],"author":[{"embeddable":true,"href":"https:\/\/portaltactica.com\/index.php?rest_route=\/wp\/v2\/users\/2"}],"replies":[{"embeddable":true,"href":"https:\/\/portaltactica.com\/index.php?rest_route=%2Fwp%2Fv2%2Fcomments&post=104117"}],"version-history":[{"count":1,"href":"https:\/\/portaltactica.com\/index.php?rest_route=\/wp\/v2\/posts\/104117\/revisions"}],"predecessor-version":[{"id":104119,"href":"https:\/\/portaltactica.com\/index.php?rest_route=\/wp\/v2\/posts\/104117\/revisions\/104119"}],"wp:featuredmedia":[{"embeddable":true,"href":"https:\/\/portaltactica.com\/index.php?rest_route=\/wp\/v2\/media\/104118"}],"wp:attachment":[{"href":"https:\/\/portaltactica.com\/index.php?rest_route=%2Fwp%2Fv2%2Fmedia&parent=104117"}],"wp:term":[{"taxonomy":"category","embeddable":true,"href":"https:\/\/portaltactica.com\/index.php?rest_route=%2Fwp%2Fv2%2Fcategories&post=104117"},{"taxonomy":"post_tag","embeddable":true,"href":"https:\/\/portaltactica.com\/index.php?rest_route=%2Fwp%2Fv2%2Ftags&post=104117"}],"curies":[{"name":"wp","href":"https:\/\/api.w.org\/{rel}","templated":true}]}}