{"id":104107,"date":"2026-04-27T14:08:56","date_gmt":"2026-04-27T21:08:56","guid":{"rendered":"https:\/\/portaltactica.com\/?p=104107"},"modified":"2026-04-27T14:08:59","modified_gmt":"2026-04-27T21:08:59","slug":"cambios-en-la-cupula-de-monterrey-walter-erviti-asumira-la-direccion-deportiva","status":"publish","type":"post","link":"https:\/\/portaltactica.com\/?p=104107","title":{"rendered":"Cambios en la c\u00fapula de Monterrey: Walter Erviti asumir\u00e1 la Direcci\u00f3n Deportiva"},"content":{"rendered":"\n<p>Este pasado domingo finaliz\u00f3 la temporada de\u00a0Rayados\u00a0y ya este lunes se esperan anuncios oficiales de cara al futuro inmediato del club regiomontano. Algunos futbolistas no seguir\u00e1n en Monterrey,\u00a0<strong>pero tambi\u00e9n llegar\u00e1 un nuevo entrenador y habr\u00e1 modificaciones en la directiva<\/strong>.<\/p>\n\n\n\n<p>De acuerdo a lo revelado por el periodista Willie Gonz\u00e1lez, Rayados anunciar\u00e1 este lunes oficialmente la salida de\u00a0Jos\u00e9 Antonio Noriega\u00a0y de H\u00e9ctor Lara, actuales Presidente Deportivo y Director Deportivo de la instituci\u00f3n.\u00a0<strong>En el caso del segundo,\u00a0Walter Erviti\u00a0lo reemplazar\u00eda<\/strong>.<\/p>\n\n\n\n<p>El comunicador detall\u00f3 que la idea es que este mediod\u00eda en M\u00e9xico se anuncie oficialmente que Walter Erviti ser\u00e1 el nuevo Director Deportivo de Monterrey. El argentino, y ex jugador del equipo,\u00a0<strong>lleg\u00f3 hace unos meses al club cuando se dio la salida de Dom\u00e8nec Torrent y qued\u00f3 como interino\u00a0Nicol\u00e1s S\u00e1nchez<\/strong>.<\/p>\n\n\n\n<h2 class=\"wp-block-heading\">\u00bfQu\u00e9 har\u00eda Walter Erviti en su cargo?<\/h2>\n\n\n\n<p>La idea inicial de Monterrey era que Walter Erviti est\u00e9 como directivo, pero estos \u00faltimos meses fue auxiliar de Nico S\u00e1nchez por pedido expreso del t\u00e9cnico. Una vez consumada la temporada, ahora s\u00ed el argentino se convertir\u00eda oficialmente en el Director Deportivo del conjunto regiomontano.<\/p>\n\n\n\n<figure class=\"wp-block-embed is-type-rich is-provider-twitter wp-block-embed-twitter\"><div class=\"wp-block-embed__wrapper\">\n<div class=\"embed-twitter\"><blockquote class=\"twitter-tweet\" data-width=\"550\" data-dnt=\"true\"><p lang=\"es\" dir=\"ltr\">[COMENTARIO AL D\u00cdA MTY \ud83d\udde3\ud83d\udcfa\ud83d\udcfb]<br><br>Siguen haciendo entrevistas para ver qui\u00e9n ser\u00e1 el presidente deportivo de Rayados. <a href=\"https:\/\/t.co\/hfAHHaUv00\">pic.twitter.com\/hfAHHaUv00<\/a><\/p>&mdash; Willie Gonz\u00e1lez (@WillieGzz) <a href=\"https:\/\/twitter.com\/WillieGzz\/status\/2048765605453365706?ref_src=twsrc%5Etfw\">April 27, 2026<\/a><\/blockquote><script async src=\"https:\/\/platform.twitter.com\/widgets.js\" charset=\"utf-8\"><\/script><\/div>\n<\/div><\/figure>\n\n\n\n<p>Seg\u00fan Willie Gonz\u00e1lez,\u00a0<strong>Walter Erviti solo se encargar\u00eda del primer equipo varonil<\/strong>. Mientras tanto,\u00a0<strong>los due\u00f1os de Rayados a\u00fan no confirmar\u00edan al Presidente Deportivo<\/strong>\u00a0porque todav\u00eda contin\u00faan realizando distintas entrevistas para el hombre que reemplace en el cargo a Tato Noriega.<\/p>\n\n\n\n<p>De esta manera es que se empiezan a producir los distintos cambios en el organigrama de la instituci\u00f3n. Pero tambi\u00e9n se espera que haya modificaciones en el plantel\u00a0<strong>y uno de los temas principales es si\u00a0Sergio Canales\u00a0continuar\u00e1 o no con el equipo<\/strong>.<\/p>\n\n\n\n<p><a href=\"https:\/\/bolavip.com\/mx\/rayados-monterrey\/el-mensaje-de-la-directiva-de-rayados-a-la-aficion-tras-el-fracaso-en-el-clausura-2026\"><\/a><\/p>\n<div class='share-to-whatsapp-wrapper'><div class='share-on-whsp'>Share on: <\/div><a data-text='Cambios en la c\u00fapula de Monterrey: Walter Erviti asumir\u00e1 la Direcci\u00f3n Deportiva' data-link='https:\/\/portaltactica.com\/?p=104107' class='whatsapp-button whatsapp-share'>WhatsApp<\/a><div class='clear '><\/div><\/div>","protected":false},"excerpt":{"rendered":"<p>Este pasado domingo finaliz\u00f3 la temporada de\u00a0Rayados\u00a0y ya este lunes se esperan anuncios oficiales de cara al futuro inmediato del club&hellip;<\/p>\n","protected":false},"author":2,"featured_media":104108,"comment_status":"closed","ping_status":"closed","sticky":false,"template":"","format":"standard","meta":{"advanced_seo_description":"","jetpack_seo_html_title":"","jetpack_seo_noindex":false,"_jetpack_memberships_contains_paid_content":false,"footnotes":"","jetpack_publicize_message":"","jetpack_publicize_feature_enabled":true,"jetpack_social_post_already_shared":true,"jetpack_social_options":{"image_generator_settings":{"template":"highway","default_image_id":0,"font":"","enabled":false},"version":2}},"categories":[1897],"tags":[],"class_list":["post-104107","post","type-post","status-publish","format-standard","has-post-thumbnail","hentry","category-destacado-nacional"],"jetpack_publicize_connections":[],"jetpack_featured_media_url":"https:\/\/portaltactica.com\/wp-content\/uploads\/2026\/04\/4-13.png","jetpack_sharing_enabled":true,"_links":{"self":[{"href":"https:\/\/portaltactica.com\/index.php?rest_route=\/wp\/v2\/posts\/104107","targetHints":{"allow":["GET"]}}],"collection":[{"href":"https:\/\/portaltactica.com\/index.php?rest_route=\/wp\/v2\/posts"}],"about":[{"href":"https:\/\/portaltactica.com\/index.php?rest_route=\/wp\/v2\/types\/post"}],"author":[{"embeddable":true,"href":"https:\/\/portaltactica.com\/index.php?rest_route=\/wp\/v2\/users\/2"}],"replies":[{"embeddable":true,"href":"https:\/\/portaltactica.com\/index.php?rest_route=%2Fwp%2Fv2%2Fcomments&post=104107"}],"version-history":[{"count":1,"href":"https:\/\/portaltactica.com\/index.php?rest_route=\/wp\/v2\/posts\/104107\/revisions"}],"predecessor-version":[{"id":104109,"href":"https:\/\/portaltactica.com\/index.php?rest_route=\/wp\/v2\/posts\/104107\/revisions\/104109"}],"wp:featuredmedia":[{"embeddable":true,"href":"https:\/\/portaltactica.com\/index.php?rest_route=\/wp\/v2\/media\/104108"}],"wp:attachment":[{"href":"https:\/\/portaltactica.com\/index.php?rest_route=%2Fwp%2Fv2%2Fmedia&parent=104107"}],"wp:term":[{"taxonomy":"category","embeddable":true,"href":"https:\/\/portaltactica.com\/index.php?rest_route=%2Fwp%2Fv2%2Fcategories&post=104107"},{"taxonomy":"post_tag","embeddable":true,"href":"https:\/\/portaltactica.com\/index.php?rest_route=%2Fwp%2Fv2%2Ftags&post=104107"}],"curies":[{"name":"wp","href":"https:\/\/api.w.org\/{rel}","templated":true}]}}