{"id":104091,"date":"2026-04-26T12:35:15","date_gmt":"2026-04-26T19:35:15","guid":{"rendered":"https:\/\/portaltactica.com\/?p=104091"},"modified":"2026-04-26T12:35:15","modified_gmt":"2026-04-26T19:35:15","slug":"impulsa-gobierno-de-mazatlan-el-atletismo-formativo-con-la-carrera-corriendo-por-la-salud-organizada-en-el-campo-jj-pacho","status":"publish","type":"post","link":"https:\/\/portaltactica.com\/?p=104091","title":{"rendered":"Impulsa Gobierno de Mazatl\u00e1n el atletismo formativo con la Carrera Corriendo por la Salud, organizada en el campo JJ Pacho"},"content":{"rendered":"\n<p>Con 70 participantes de las escuelas Vida Nueva, Casas Coci, Lupe\u2019s Team y Dragones, el evento organizado por el entrenador Ram\u00f3n Coronado reafirma la visi\u00f3n del Instituto Municipal del Deporte Mazatl\u00e1n de promover la cultura f\u00edsica desde la ni\u00f1ez<\/p>\n\n\n\n<p>Mazatl\u00e1n, Sinaloa a 26 de abril de 2026.- En coordinaci\u00f3n con el Gobierno de Mazatl\u00e1n que encabeza la Presidenta Municipal, Estrella Palacios Dom\u00ednguez, este domingo se llev\u00f3 a cabo la Carrera Corriendo por la Salud, organizada por el entrenador Ram\u00f3n Coronado en el campo JJ Pacho.<\/p>\n\n\n\n<p>El evento atl\u00e9tico reuni\u00f3 a 70 ni\u00f1as, ni\u00f1os y j\u00f3venes atletas de las escuelas de atletismo Vida Nueva, Casas Coci, Lupe&#8217;s Team y Drqgones, quienes compitieron en diferentes pruebas de pista con el objetivo de fomentar la activaci\u00f3n f\u00edsica y la sana competencia desde edades tempranas.<\/p>\n\n\n\n<p>En representaci\u00f3n del director del Instituto Municipal del Deporte Mazatl\u00e1n, Ezequiel Mora Bracamontes, estuvo presente el coordinador de Ligas y Clubes del Imdem, Mario Prado Salinas, quien reiter\u00f3 el compromiso de la administraci\u00f3n municipal de abrir espacios para el deporte formativo y respaldar a los entrenadores que trabajan con la base del alto rendimiento.<\/p>\n\n\n\n<p>&#8220;Creo que el talento empieza aqu\u00ed, en estas carreras. Aqu\u00ed es donde inicia el camino a Juegos Nacionales (Conade). Aspirar a representar a Mazatl\u00e1n, al estado, se convierten en objetivo. Independientemente del logro que se obtenga, para el atleta, la ni\u00f1a, el ni\u00f1o, lo m\u00e1s bonito es recibir el amor y el apoyo de los pap\u00e1s&#8221;, expres\u00f3 Prado Salinas.<\/p>\n\n\n\n<p>Para garantizar el desarrollo t\u00e9cnico de la competencia, se cont\u00f3 con la presencia del presidente del Comit\u00e9 Municipal de Atletismo, Guadalupe L\u00f3pez Ramos, quien encabez\u00f3 el cuerpo de jueces, as\u00ed como del entrenador Francisco R\u00edos, referente del atletismo porte\u00f1o.<\/p>\n\n\n\n<p>Para el Imdem, este tipo de carreras cumplen con el Eje 4 Mazatl\u00e1n Cultural y Humanista del Plan Municipal de Desarrollo 2024-2027, al promover la salud a trav\u00e9s del deporte, la integraci\u00f3n de clubes y escuelas, as\u00ed como la detecci\u00f3n de talentos infantiles.<\/p>\n\n\n\n<p>El entrenador Ram\u00f3n Coronado agradeci\u00f3 el respaldo del Gobierno de Mazatl\u00e1n, del Imdem y de los padres de familia para la realizaci\u00f3n del evento, destacando que cuando se trabaja en equipo los ganadores son todos los ni\u00f1os.<\/p>\n\n\n\n<p>70<br \/>Atletas de las escuelas Vida Nueva, Casas Coci, Lupe\u2019s Team y Dragones, participaron<\/p>\n\n\n\n<p>RESULTADOS<br \/>Categor\u00eda 5-6 A\u00f1os<br \/>Rama Femenil<br \/>Natalia Moreno Galindo<br \/>Ximena Castillo Osuna<br \/>Mariel Moreno Ruesgas<br \/>Rama Varonil<br \/>Agust\u00edn Mart\u00ednez Espinoza<br \/>Bryan Zamudio L\u00f3pez<br \/>Leonel De la Toba<\/p>\n\n\n\n<p>Categor\u00eda 7-8 A\u00f1os<br \/>Rama Femenil<br \/>Daniela Navidad Morales<br \/>Ariana P\u00e9rez Medina<br \/>Adriana Alderete Hermosillo<br \/>Rama Varonil<br \/>Juan Hern\u00e1ndez Bastidas<br \/>Ra\u00fal Valenzuela Villalobos<br \/>Jes\u00fas Portillo Liz\u00e1rraga<\/p>\n\n\n\n<p>Categor\u00eda 9-10 A\u00f1os<br \/>Rama Femenil<br \/>Samantha S\u00e1nchez \u00c1guila<br \/>Melanie Palomino Salas<br \/>M\u00eda Valentina Mart\u00ednez<br \/>Rama Varonil<br \/>Carlos Navidad Morales<br \/>Alejandro S\u00e1nchez Tiznado<br \/>Iker Osuna Caniz\u00e1lez<\/p>\n\n\n\n<p>Categor\u00eda 11-12 A\u00f1os<br \/>Rama Femenil<br \/>Luz P\u00e9rez Serrano<br \/>Amairany Due\u00f1as D\u00edaz<br \/>Ana Salazar Sarabia<br \/>Rama Varonil<br \/>Jos\u00e9 Roch\u00edn Gonz\u00e1lez<br \/>Naimar Velarde Osuna<br \/>Mauricio Mart\u00ednez Espinoza<\/p>\n\n\n\n<p>Categor\u00eda 13-14 A\u00f1os<br>Rama Varonil<br>Jes\u00fas Olade Mart\u00ednez<br>Rodrigo P\u00e9rez Medina<\/p>\n<div class='share-to-whatsapp-wrapper'><div class='share-on-whsp'>Share on: <\/div><a data-text='Impulsa Gobierno de Mazatl\u00e1n el atletismo formativo con la Carrera Corriendo por la Salud, organizada en el campo JJ Pacho' data-link='https:\/\/portaltactica.com\/?p=104091' class='whatsapp-button whatsapp-share'>WhatsApp<\/a><div class='clear '><\/div><\/div>","protected":false},"excerpt":{"rendered":"<p>Con 70 participantes de las escuelas Vida Nueva, Casas Coci, Lupe\u2019s Team y Dragones, el evento organizado por el entrenador Ram\u00f3n&hellip;<\/p>\n","protected":false},"author":1,"featured_media":104090,"comment_status":"","ping_status":"","sticky":false,"template":"","format":"standard","meta":{"advanced_seo_description":"","jetpack_seo_html_title":"","jetpack_seo_noindex":false,"_jetpack_memberships_contains_paid_content":false,"footnotes":"","jetpack_publicize_message":"Impulsa Gobierno de Mazatl\u00e1n el atletismo formativo con la Carrera Corriendo por la Salud, organizada en el campo JJ Pacho","jetpack_publicize_feature_enabled":true,"jetpack_social_post_already_shared":true,"jetpack_social_options":{"image_generator_settings":{"template":"highway","default_image_id":0,"font":"","enabled":false},"version":2}},"categories":[1899],"tags":[37],"class_list":["post-104091","post","type-post","status-publish","format-standard","has-post-thumbnail","hentry","category-destacado-mazatlan","tag-imdem"],"jetpack_publicize_connections":[],"jetpack_featured_media_url":"https:\/\/portaltactica.com\/wp-content\/uploads\/2026\/04\/4b32aa7f-09f6-4dd5-8830-4d672af2fc4e.jpg","jetpack_sharing_enabled":true,"_links":{"self":[{"href":"https:\/\/portaltactica.com\/index.php?rest_route=\/wp\/v2\/posts\/104091","targetHints":{"allow":["GET"]}}],"collection":[{"href":"https:\/\/portaltactica.com\/index.php?rest_route=\/wp\/v2\/posts"}],"about":[{"href":"https:\/\/portaltactica.com\/index.php?rest_route=\/wp\/v2\/types\/post"}],"author":[{"embeddable":true,"href":"https:\/\/portaltactica.com\/index.php?rest_route=\/wp\/v2\/users\/1"}],"replies":[{"embeddable":true,"href":"https:\/\/portaltactica.com\/index.php?rest_route=%2Fwp%2Fv2%2Fcomments&post=104091"}],"version-history":[{"count":0,"href":"https:\/\/portaltactica.com\/index.php?rest_route=\/wp\/v2\/posts\/104091\/revisions"}],"wp:featuredmedia":[{"embeddable":true,"href":"https:\/\/portaltactica.com\/index.php?rest_route=\/wp\/v2\/media\/104090"}],"wp:attachment":[{"href":"https:\/\/portaltactica.com\/index.php?rest_route=%2Fwp%2Fv2%2Fmedia&parent=104091"}],"wp:term":[{"taxonomy":"category","embeddable":true,"href":"https:\/\/portaltactica.com\/index.php?rest_route=%2Fwp%2Fv2%2Fcategories&post=104091"},{"taxonomy":"post_tag","embeddable":true,"href":"https:\/\/portaltactica.com\/index.php?rest_route=%2Fwp%2Fv2%2Ftags&post=104091"}],"curies":[{"name":"wp","href":"https:\/\/api.w.org\/{rel}","templated":true}]}}