{"id":103002,"date":"2026-03-16T12:05:45","date_gmt":"2026-03-16T19:05:45","guid":{"rendered":"https:\/\/portaltactica.com\/?p=103002"},"modified":"2026-03-16T12:05:48","modified_gmt":"2026-03-16T19:05:48","slug":"listo-el-regreso-larcamon-da-fecha-para-el-regreso-de-kevin-mier-con-cruz-azul","status":"publish","type":"post","link":"https:\/\/portaltactica.com\/?p=103002","title":{"rendered":"\u00a1Listo el regreso! Larcam\u00f3n da fecha para el regreso de Kevin Mier con Cruz Azul"},"content":{"rendered":"\n<p>Han pasado varios meses desde que\u00a0<strong>Kevin Mier<\/strong>\u00a0sali\u00f3 lesionado de un partido de futbol, pero ahora el jugador de\u00a0<strong>Cruz Azul<\/strong>\u00a0ya est\u00e1 listo para jugar y hasta tuvo unos minutos con equipos inferiores de la M\u00e1quina.<\/p>\n\n\n\n<p>Sin embargo, el jugador tambi\u00e9n estar\u00e1 muy pronto de regreso a la porter\u00eda del primero equipo, al menos as\u00ed lo dio a conocer el entrenador de la M\u00e1quina,&nbsp;<strong>Nicol\u00e1s Larcam\u00f3n<\/strong>.<\/p>\n\n\n\n<h2 class=\"wp-block-heading\">\u00bfCu\u00e1ndo regresa Kevin Mier a la porter\u00eda del primer equipo de Cruz Azul?<\/h2>\n\n\n\n<p>En conferencia de prensa previo a la eliminatoria de&nbsp;<strong>Octavos de Final de Concachampions<\/strong>&nbsp;entre&nbsp;<strong>Cruz Azul&nbsp;<\/strong>y&nbsp;<strong>Monterrey<\/strong>,&nbsp;<strong>Nicol\u00e1s Larcam\u00f3n&nbsp;<\/strong>dej\u00f3 en claro que, para el encuentro de vuelta entre estos dos equipos,&nbsp;<strong>Kevin Mier&nbsp;<\/strong>no ser\u00e1 el guardameta elegido.<\/p>\n\n\n\n<p>Asimismo, el entrenador de la&nbsp;<strong>M\u00e1quina&nbsp;<\/strong>dej\u00f3 en claro que piensa en que el portero colombiano, sea el que ataje para el encuentro de la Jornada 12, cuando visiten al&nbsp;<strong>Mazatl\u00e1n FC<\/strong>, adem\u00e1s del juego amistoso que tendr\u00e1 el equipo.<\/p>\n\n\n\n<p>\u201cRespecto de lo de Kevin, es parte de la planeaci\u00f3n de su vuelta a las canchas, es valorarlo sobre todo para lo que es el \u00faltimo partido antes del receso (Mazatl\u00e1n), mismo el amistoso que tenemos previsto para el receso, por el momento seguimos consider\u00e1ndolo a &#8216;Gudi&#8217; como el arquero que va a afrontar el partido de vuelta para la semana\u201d.<\/p>\n\n\n\n<h2 class=\"wp-block-heading\">\u00bfKevin Mier est\u00e1 listo para jugar?<\/h2>\n\n\n\n<p>El pasado fin de semana,&nbsp;<strong>Kevin Mier&nbsp;<\/strong>ya tuvo la oportunidad de jugar en una de las categor\u00edas inferiores de&nbsp;<strong>Cruz Azul<\/strong>. Asimismo, como parte de su regreso, el portero estuvo en la banca, durante el empate contra Pumas.<\/p>\n\n\n\n<p>F\u00edsicamente,\u00a0<strong>Kevin Mier<\/strong>\u00a0est\u00e1 listo para regresar, pero al final de cuentas, ser\u00e1 la decisi\u00f3n de Nicol\u00e1s Larcam\u00f3n para volverlo a alinear en un juego del primer equipo.<\/p>\n<div class='share-to-whatsapp-wrapper'><div class='share-on-whsp'>Share on: <\/div><a data-text='\u00a1Listo el regreso! Larcam\u00f3n da fecha para el regreso de Kevin Mier con Cruz Azul' data-link='https:\/\/portaltactica.com\/?p=103002' class='whatsapp-button whatsapp-share'>WhatsApp<\/a><div class='clear '><\/div><\/div>","protected":false},"excerpt":{"rendered":"<p>Han pasado varios meses desde que\u00a0Kevin Mier\u00a0sali\u00f3 lesionado de un partido de futbol, pero ahora el jugador de\u00a0Cruz Azul\u00a0ya est\u00e1 listo&hellip;<\/p>\n","protected":false},"author":2,"featured_media":103003,"comment_status":"closed","ping_status":"closed","sticky":false,"template":"","format":"standard","meta":{"advanced_seo_description":"","jetpack_seo_html_title":"","jetpack_seo_noindex":false,"_jetpack_memberships_contains_paid_content":false,"footnotes":"","jetpack_publicize_message":"","jetpack_publicize_feature_enabled":true,"jetpack_social_post_already_shared":true,"jetpack_social_options":{"image_generator_settings":{"template":"highway","default_image_id":0,"font":"","enabled":false},"version":2}},"categories":[7],"tags":[],"class_list":["post-103002","post","type-post","status-publish","format-standard","has-post-thumbnail","hentry","category-nacional"],"jetpack_publicize_connections":[],"jetpack_featured_media_url":"https:\/\/portaltactica.com\/wp-content\/uploads\/2026\/03\/12.jpg","jetpack_sharing_enabled":true,"_links":{"self":[{"href":"https:\/\/portaltactica.com\/index.php?rest_route=\/wp\/v2\/posts\/103002","targetHints":{"allow":["GET"]}}],"collection":[{"href":"https:\/\/portaltactica.com\/index.php?rest_route=\/wp\/v2\/posts"}],"about":[{"href":"https:\/\/portaltactica.com\/index.php?rest_route=\/wp\/v2\/types\/post"}],"author":[{"embeddable":true,"href":"https:\/\/portaltactica.com\/index.php?rest_route=\/wp\/v2\/users\/2"}],"replies":[{"embeddable":true,"href":"https:\/\/portaltactica.com\/index.php?rest_route=%2Fwp%2Fv2%2Fcomments&post=103002"}],"version-history":[{"count":1,"href":"https:\/\/portaltactica.com\/index.php?rest_route=\/wp\/v2\/posts\/103002\/revisions"}],"predecessor-version":[{"id":103004,"href":"https:\/\/portaltactica.com\/index.php?rest_route=\/wp\/v2\/posts\/103002\/revisions\/103004"}],"wp:featuredmedia":[{"embeddable":true,"href":"https:\/\/portaltactica.com\/index.php?rest_route=\/wp\/v2\/media\/103003"}],"wp:attachment":[{"href":"https:\/\/portaltactica.com\/index.php?rest_route=%2Fwp%2Fv2%2Fmedia&parent=103002"}],"wp:term":[{"taxonomy":"category","embeddable":true,"href":"https:\/\/portaltactica.com\/index.php?rest_route=%2Fwp%2Fv2%2Fcategories&post=103002"},{"taxonomy":"post_tag","embeddable":true,"href":"https:\/\/portaltactica.com\/index.php?rest_route=%2Fwp%2Fv2%2Ftags&post=103002"}],"curies":[{"name":"wp","href":"https:\/\/api.w.org\/{rel}","templated":true}]}}