{"id":102990,"date":"2026-03-16T11:43:10","date_gmt":"2026-03-16T18:43:10","guid":{"rendered":"https:\/\/portaltactica.com\/?p=102990"},"modified":"2026-03-16T11:43:11","modified_gmt":"2026-03-16T18:43:11","slug":"estadio-azteca-enfrenta-disputa-legal-antes-del-mundial-2026-pretenden-que-funcione-como-un-hotel","status":"publish","type":"post","link":"https:\/\/portaltactica.com\/?p=102990","title":{"rendered":"Estadio Azteca enfrenta disputa legal antes del Mundial 2026: &#8220;Pretenden que funcione como un hotel&#8221;"},"content":{"rendered":"\n<p>Faltan muy pocos d\u00edas para la esperada reinauguraci\u00f3n del\u00a0<strong>Estadio Azteca<\/strong>, que pasar\u00e1 a llamarse\u00a0<strong>Estadio Banorte<\/strong>, y ya se vive gran expectativa en M\u00e9xico. El coloso de Santa \u00darsula se prepara para recibir a\u00a0<strong>Portugal el pr\u00f3ximo s\u00e1bado 28 de marzo<\/strong>, en un partido que servir\u00e1 como prueba antes de convertirse en una de las sedes clave del\u00a0<strong>Mundial 2026<\/strong>.<\/p>\n\n\n\n<figure class=\"wp-block-embed is-type-rich is-provider-twitter wp-block-embed-twitter\"><div class=\"wp-block-embed__wrapper\">\n<div class=\"embed-twitter\"><blockquote class=\"twitter-tweet\" data-width=\"550\" data-dnt=\"true\"><p lang=\"es\" dir=\"ltr\">Me est\u00e1 gustando como est\u00e1 quedando el Estadio Azteca\/Banorte.<br><br>Me estoy dando cuenta que la parte de abajo la levantaron para que el aficionado pueda tener una mejor vista.<br><br>Lo mejoraron much\u00edsimo.\ud83d\udc40 <a href=\"https:\/\/t.co\/iF9Joe539q\">pic.twitter.com\/iF9Joe539q<\/a><\/p>&mdash; &quot;El Jefe&quot; \u00c1guila (@ElJefeAguila) <a href=\"https:\/\/twitter.com\/ElJefeAguila\/status\/2032095655741546511?ref_src=twsrc%5Etfw\">March 12, 2026<\/a><\/blockquote><script async src=\"https:\/\/platform.twitter.com\/widgets.js\" charset=\"utf-8\"><\/script><\/div>\n<\/div><\/figure>\n\n\n\n<p>La administraci\u00f3n del inmueble busca implementar mejoras y modernizaciones que alineen al estadio con los est\u00e1ndares internacionales, pero no todo ha sido tranquilidad en los \u00faltimos d\u00edas. Seg\u00fan informaron en Excelsior, un grupo importante de propietarios de palcos anunci\u00f3 que presentar\u00e1 una&nbsp;<strong>demanda colectiva<\/strong>&nbsp;contra la direcci\u00f3n del estadio, tras la imposici\u00f3n de un reglamento que consideran&nbsp;<strong>\u201cunilateral y violatorio\u201d<\/strong>&nbsp;de sus derechos de propiedad.<\/p>\n\n\n\n<p>El conflicto se intensific\u00f3 este s\u00e1bado, cuando los titulares fueron convocados para recibir el nuevo&nbsp;<strong>Reglamento para Acceso y Uso de Palcos y Plateas<\/strong>. Entre las medidas m\u00e1s pol\u00e9micas se incluyen la prohibici\u00f3n de ingresar alimentos y bebidas ajenos a los concesionarios oficiales, as\u00ed como la retirada de electrodom\u00e9sticos, incluyendo hornos de microondas y refrigeradores.<\/p>\n\n\n\n<p><strong>\u201cEs un despojo disfrazado de modernizaci\u00f3n\u201d<\/strong>, declar\u00f3 uno de los propietarios bajo anonimato.&nbsp;<strong>\u201cNos est\u00e1n quitando el derecho de uso de una propiedad privada que adquirimos por 99 a\u00f1os. Quieren que el estadio funcione como un hotel donde ellos controlan hasta lo que bebes dentro de tu propia estancia\u201d<\/strong>.<\/p>\n\n\n\n<h2 class=\"wp-block-heading\">Los due\u00f1os tampoco tendr\u00e1n sus llaves<\/h2>\n\n\n\n<p>Uno de los puntos que m\u00e1s molestia ha generado es el&nbsp;<strong>control de las llaves de los palcos<\/strong>. Seg\u00fan el reglamento, los propietarios ya no podr\u00e1n tener acceso f\u00edsico a sus espacios, y la administraci\u00f3n asumir\u00e1 el control bajo el argumento de \u201cseguridad y estandarizaci\u00f3n\u201d. Los due\u00f1os interpretan esto como una p\u00e9rdida total de privacidad y de sus derechos como propietarios.<\/p>\n\n\n\n<p>Adem\u00e1s, los afectados denunciaron&nbsp;<strong>cobros excesivos y arbitrarios<\/strong>&nbsp;por conceptos de limpieza, mantenimiento y servicios de luz y agua. Aseguran que estas tarifas se han triplicado sin justificaci\u00f3n t\u00e9cnica clara, lo que aumenta la tensi\u00f3n entre los propietarios y la administraci\u00f3n del estadio.<\/p>\n\n\n\n<p>El partido frente a Portugal servir\u00e1 como la primera prueba del&nbsp;<strong>Estadio Banorte<\/strong>&nbsp;antes de convertirse en una de las sedes del Mundial 2026. Mientras tanto, el conflicto con algunos propietarios genera incertidumbre sobre la implementaci\u00f3n del nuevo reglamento y plantea un debate sobre el uso de los palcos y los derechos de los due\u00f1os.<\/p>\n<div class='share-to-whatsapp-wrapper'><div class='share-on-whsp'>Share on: <\/div><a data-text='Estadio Azteca enfrenta disputa legal antes del Mundial 2026: \"Pretenden que funcione como un hotel\"' data-link='https:\/\/portaltactica.com\/?p=102990' class='whatsapp-button whatsapp-share'>WhatsApp<\/a><div class='clear '><\/div><\/div>","protected":false},"excerpt":{"rendered":"<p>Faltan muy pocos d\u00edas para la esperada reinauguraci\u00f3n del\u00a0Estadio Azteca, que pasar\u00e1 a llamarse\u00a0Estadio Banorte, y ya se vive gran expectativa&hellip;<\/p>\n","protected":false},"author":2,"featured_media":102991,"comment_status":"closed","ping_status":"closed","sticky":false,"template":"","format":"standard","meta":{"advanced_seo_description":"","jetpack_seo_html_title":"","jetpack_seo_noindex":false,"_jetpack_memberships_contains_paid_content":false,"footnotes":"","jetpack_publicize_message":"","jetpack_publicize_feature_enabled":true,"jetpack_social_post_already_shared":true,"jetpack_social_options":{"image_generator_settings":{"template":"highway","default_image_id":0,"font":"","enabled":false},"version":2}},"categories":[1897],"tags":[],"class_list":["post-102990","post","type-post","status-publish","format-standard","has-post-thumbnail","hentry","category-destacado-nacional"],"jetpack_publicize_connections":[],"jetpack_featured_media_url":"https:\/\/portaltactica.com\/wp-content\/uploads\/2026\/03\/8-2.jpg","jetpack_sharing_enabled":true,"_links":{"self":[{"href":"https:\/\/portaltactica.com\/index.php?rest_route=\/wp\/v2\/posts\/102990","targetHints":{"allow":["GET"]}}],"collection":[{"href":"https:\/\/portaltactica.com\/index.php?rest_route=\/wp\/v2\/posts"}],"about":[{"href":"https:\/\/portaltactica.com\/index.php?rest_route=\/wp\/v2\/types\/post"}],"author":[{"embeddable":true,"href":"https:\/\/portaltactica.com\/index.php?rest_route=\/wp\/v2\/users\/2"}],"replies":[{"embeddable":true,"href":"https:\/\/portaltactica.com\/index.php?rest_route=%2Fwp%2Fv2%2Fcomments&post=102990"}],"version-history":[{"count":1,"href":"https:\/\/portaltactica.com\/index.php?rest_route=\/wp\/v2\/posts\/102990\/revisions"}],"predecessor-version":[{"id":102992,"href":"https:\/\/portaltactica.com\/index.php?rest_route=\/wp\/v2\/posts\/102990\/revisions\/102992"}],"wp:featuredmedia":[{"embeddable":true,"href":"https:\/\/portaltactica.com\/index.php?rest_route=\/wp\/v2\/media\/102991"}],"wp:attachment":[{"href":"https:\/\/portaltactica.com\/index.php?rest_route=%2Fwp%2Fv2%2Fmedia&parent=102990"}],"wp:term":[{"taxonomy":"category","embeddable":true,"href":"https:\/\/portaltactica.com\/index.php?rest_route=%2Fwp%2Fv2%2Fcategories&post=102990"},{"taxonomy":"post_tag","embeddable":true,"href":"https:\/\/portaltactica.com\/index.php?rest_route=%2Fwp%2Fv2%2Ftags&post=102990"}],"curies":[{"name":"wp","href":"https:\/\/api.w.org\/{rel}","templated":true}]}}