{"id":102942,"date":"2026-03-14T09:15:30","date_gmt":"2026-03-14T16:15:30","guid":{"rendered":"https:\/\/portaltactica.com\/?p=102942"},"modified":"2026-03-14T09:15:31","modified_gmt":"2026-03-14T16:15:31","slug":"ausente-milan-no-incluye-a-santiago-gimenez-en-la-convocatoria-ante-lazio","status":"publish","type":"post","link":"https:\/\/portaltactica.com\/?p=102942","title":{"rendered":"\u00a1Ausente! Milan no incluye a Santiago Gim\u00e9nez en la convocatoria ante Lazio"},"content":{"rendered":"\n<p>La recuperaci\u00f3n de\u00a0<strong>Santiago Gim\u00e9nez\u00a0<\/strong>parece estar en la recta final, sin embargo, pese a los rumores que hab\u00eda sobre su posible vuelta a las canchas, el mexicano tendr\u00e1 que esperar por lo menos una semana m\u00e1s para ser tomado en cuenta por el\u00a0<strong>AC Milan<\/strong>, pues no fue incluido en la convocatoria para el pr\u00f3ximo encuentro.<\/p>\n\n\n\n<p>El conjunto rossoneri se medir\u00e1 este domingo ante&nbsp;<strong>Lazio&nbsp;<\/strong>en calidad de visitante y el cuerpo t\u00e9cnico comandando por&nbsp;<strong>Massimiliano Allegri&nbsp;<\/strong>ha decidido no incluir en la convocatoria a Gim\u00e9nez, por lo que el mexicano no realiz\u00f3 el viaje y se descarta por completo su regreso de la lesi\u00f3n.<\/p>\n\n\n\n<h2 class=\"wp-block-heading\">GIM\u00c9NEZ VOLVER\u00c1 A ENTRENAR CON EL PRIMER EQUIPO<\/h2>\n\n\n\n<p>Hace unos d\u00edas el propio DT italiano revel\u00f3 que&nbsp;<strong>&#8220;muy pronto&#8221;<\/strong>&nbsp;podr\u00edamos ver a Santi de vuelta a la actividad con el primer equipo, pero es un hecho que no ser\u00e1 este domingo ante la Lazio. Pese a esto,&nbsp;<strong>Allegri&nbsp;<\/strong>confirm\u00f3 que&nbsp;<strong>Gim\u00e9nez&nbsp;<\/strong>comenzar\u00e1 a reintegrarse a los entrenamientos gradualmente.<\/p>\n\n\n\n<p>\u201c<strong>Gimenez&nbsp;<\/strong>no ser\u00e1 convocado ma\u00f1ana. Hoy participar\u00e1 en parte del entrenamiento con el equipo. Est\u00e1 bien, sobre todo mentalmente, y lo necesitaremos para el final de la temporada&#8221;,<\/p>\n\n\n\n<p>El estratega del AC Milan tambi\u00e9n revel\u00f3 que el delantero de la Selecci\u00f3n Mexicana se encuentra bien mentalmente a pesar de la complicada lesi\u00f3n que lo ha tenido fuera casi seis cinco meses y mencion\u00f3 que su regreso al equipo ser\u00e1 vital de cara al final de temporada.<\/p>\n\n\n\n<blockquote class=\"wp-block-quote is-layout-flow wp-block-quote-is-layout-flow\">\n<p>\u201cEst\u00e1 bien, sobre todo mentalmente, y lo necesitaremos para el final de la temporada&#8221;<\/p>\n<\/blockquote>\n\n\n\n<h2 class=\"wp-block-heading\">CASI CINCO MESES FUERA<\/h2>\n\n\n\n<p><strong>Santiago Gim\u00e9nez&nbsp;<\/strong>no juega un partido oficial desde el pasado 28 de octubre, fecha en la que no pudo completar el partido ante el Atalanta por molestias en su tobillo derecho. En principio parec\u00eda que regresar\u00eda en unas semanas tras guardar reposo, pero finalmente termin\u00f3 por ser operado por recomendaci\u00f3n de los m\u00e9dicos del Milan, esto tras detectarse una lesi\u00f3n cr\u00f3nica en el mismo tobillo derecho.<\/p>\n\n\n\n<p><strong>136 d\u00edas despu\u00e9s<\/strong>, casi cinco meses fuera de las canchas,&nbsp;<strong>Gim\u00e9nez&nbsp;<\/strong>parece estar cada vez m\u00e1s cerca de recibir el alta m\u00e9dica para volver a ser convocado con el Milan. El mexicano tiene como objetivo regresar a la actividad lo antes posible de cara a un cierre de temporada muy importante: luchar por recuperar su puesto en el club rossoneri y estar al cien por ciento f\u00edsicamente para la Copa del Mundo.<\/p>\n\n\n\n<p><\/p>\n<div class='share-to-whatsapp-wrapper'><div class='share-on-whsp'>Share on: <\/div><a data-text='\u00a1Ausente! Milan no incluye a Santiago Gim\u00e9nez en la convocatoria ante Lazio' data-link='https:\/\/portaltactica.com\/?p=102942' class='whatsapp-button whatsapp-share'>WhatsApp<\/a><div class='clear '><\/div><\/div>","protected":false},"excerpt":{"rendered":"<p>La recuperaci\u00f3n de\u00a0Santiago Gim\u00e9nez\u00a0parece estar en la recta final, sin embargo, pese a los rumores que hab\u00eda sobre su posible vuelta&hellip;<\/p>\n","protected":false},"author":2,"featured_media":102943,"comment_status":"closed","ping_status":"closed","sticky":false,"template":"","format":"standard","meta":{"advanced_seo_description":"","jetpack_seo_html_title":"","jetpack_seo_noindex":false,"_jetpack_memberships_contains_paid_content":false,"footnotes":"","jetpack_publicize_message":"","jetpack_publicize_feature_enabled":true,"jetpack_social_post_already_shared":true,"jetpack_social_options":{"image_generator_settings":{"template":"highway","default_image_id":0,"font":"","enabled":false},"version":2}},"categories":[1898],"tags":[],"class_list":["post-102942","post","type-post","status-publish","format-standard","has-post-thumbnail","hentry","category-destacado-internacional"],"jetpack_publicize_connections":[],"jetpack_featured_media_url":"https:\/\/portaltactica.com\/wp-content\/uploads\/2026\/03\/3-7.png","jetpack_sharing_enabled":true,"_links":{"self":[{"href":"https:\/\/portaltactica.com\/index.php?rest_route=\/wp\/v2\/posts\/102942","targetHints":{"allow":["GET"]}}],"collection":[{"href":"https:\/\/portaltactica.com\/index.php?rest_route=\/wp\/v2\/posts"}],"about":[{"href":"https:\/\/portaltactica.com\/index.php?rest_route=\/wp\/v2\/types\/post"}],"author":[{"embeddable":true,"href":"https:\/\/portaltactica.com\/index.php?rest_route=\/wp\/v2\/users\/2"}],"replies":[{"embeddable":true,"href":"https:\/\/portaltactica.com\/index.php?rest_route=%2Fwp%2Fv2%2Fcomments&post=102942"}],"version-history":[{"count":1,"href":"https:\/\/portaltactica.com\/index.php?rest_route=\/wp\/v2\/posts\/102942\/revisions"}],"predecessor-version":[{"id":102944,"href":"https:\/\/portaltactica.com\/index.php?rest_route=\/wp\/v2\/posts\/102942\/revisions\/102944"}],"wp:featuredmedia":[{"embeddable":true,"href":"https:\/\/portaltactica.com\/index.php?rest_route=\/wp\/v2\/media\/102943"}],"wp:attachment":[{"href":"https:\/\/portaltactica.com\/index.php?rest_route=%2Fwp%2Fv2%2Fmedia&parent=102942"}],"wp:term":[{"taxonomy":"category","embeddable":true,"href":"https:\/\/portaltactica.com\/index.php?rest_route=%2Fwp%2Fv2%2Fcategories&post=102942"},{"taxonomy":"post_tag","embeddable":true,"href":"https:\/\/portaltactica.com\/index.php?rest_route=%2Fwp%2Fv2%2Ftags&post=102942"}],"curies":[{"name":"wp","href":"https:\/\/api.w.org\/{rel}","templated":true}]}}