{"id":102928,"date":"2026-03-13T17:38:54","date_gmt":"2026-03-14T00:38:54","guid":{"rendered":"https:\/\/portaltactica.com\/?p=102928"},"modified":"2026-03-13T17:38:57","modified_gmt":"2026-03-14T00:38:57","slug":"rayados-pierde-a-stefan-medina-por-lesion","status":"publish","type":"post","link":"https:\/\/portaltactica.com\/?p=102928","title":{"rendered":"Rayados pierde a Stefan Medina por lesi\u00f3n"},"content":{"rendered":"\n<p>La defensa de\u00a0<strong>Monterrey<\/strong>\u00a0tendr\u00e1 una baja sensible para su compromiso de este fin de semana. El club inform\u00f3 a trav\u00e9s de sus redes sociales que\u00a0<strong>Stefan Medina<\/strong>\u00a0sufri\u00f3 una lesi\u00f3n en el aductor de la pierna derecha durante el partido ante\u00a0<strong>Cruz Azul<\/strong>, correspondiente a la Ida de los Octavos de Final de la\u00a0<strong>Liga de Campeones de la Concacaf<\/strong>.<\/p>\n\n\n\n<p>De acuerdo con el comunicado del equipo, el defensor colombiano ya comenz\u00f3 su proceso de rehabilitaci\u00f3n bajo la supervisi\u00f3n del cuerpo m\u00e9dico albiazul.&nbsp;<\/p>\n\n\n\n<h2 class=\"wp-block-heading\"><br>\u00bfCu\u00e1nto tiempo estar\u00e1 fuera de actividad Stefan Medina?<\/h2>\n\n\n\n<p>Sin embargo, el tiempo que estar\u00e1 fuera de actividad depender\u00e1 de su evoluci\u00f3n en los pr\u00f3ximos d\u00edas.<\/p>\n\n\n\n<p>Con este panorama, Medina queda descartado para el partido de esta noche en el que Rayados enfrentar\u00e1 a FC Ju\u00e1rez, en actividad de la Liga MX.&nbsp;<\/p>\n\n\n\n<h2 class=\"wp-block-heading\">Los planes de Rayados de Monterrey<\/h2>\n\n\n\n<p>La ausencia del zaguero representa un movimiento importante en la defensa regiomontana, considerando su experiencia y regularidad dentro del esquema del equipo.<\/p>\n\n\n\n<p>Ahora el conjunto de Monterrey deber\u00e1 ajustar su l\u00ednea defensiva para suplir la baja del colombiano mientras contin\u00faa su recuperaci\u00f3n.<\/p>\n<div class='share-to-whatsapp-wrapper'><div class='share-on-whsp'>Share on: <\/div><a data-text='Rayados pierde a Stefan Medina por lesi\u00f3n' data-link='https:\/\/portaltactica.com\/?p=102928' class='whatsapp-button whatsapp-share'>WhatsApp<\/a><div class='clear '><\/div><\/div>","protected":false},"excerpt":{"rendered":"<p>La defensa de\u00a0Monterrey\u00a0tendr\u00e1 una baja sensible para su compromiso de este fin de semana. El club inform\u00f3 a trav\u00e9s de sus&hellip;<\/p>\n","protected":false},"author":2,"featured_media":102929,"comment_status":"closed","ping_status":"closed","sticky":false,"template":"","format":"standard","meta":{"advanced_seo_description":"","jetpack_seo_html_title":"","jetpack_seo_noindex":false,"_jetpack_memberships_contains_paid_content":false,"footnotes":"","jetpack_publicize_message":"","jetpack_publicize_feature_enabled":true,"jetpack_social_post_already_shared":true,"jetpack_social_options":{"image_generator_settings":{"template":"highway","default_image_id":0,"font":"","enabled":false},"version":2}},"categories":[7],"tags":[],"class_list":["post-102928","post","type-post","status-publish","format-standard","has-post-thumbnail","hentry","category-nacional"],"jetpack_publicize_connections":[],"jetpack_featured_media_url":"https:\/\/portaltactica.com\/wp-content\/uploads\/2026\/03\/9-3.png","jetpack_sharing_enabled":true,"_links":{"self":[{"href":"https:\/\/portaltactica.com\/index.php?rest_route=\/wp\/v2\/posts\/102928","targetHints":{"allow":["GET"]}}],"collection":[{"href":"https:\/\/portaltactica.com\/index.php?rest_route=\/wp\/v2\/posts"}],"about":[{"href":"https:\/\/portaltactica.com\/index.php?rest_route=\/wp\/v2\/types\/post"}],"author":[{"embeddable":true,"href":"https:\/\/portaltactica.com\/index.php?rest_route=\/wp\/v2\/users\/2"}],"replies":[{"embeddable":true,"href":"https:\/\/portaltactica.com\/index.php?rest_route=%2Fwp%2Fv2%2Fcomments&post=102928"}],"version-history":[{"count":1,"href":"https:\/\/portaltactica.com\/index.php?rest_route=\/wp\/v2\/posts\/102928\/revisions"}],"predecessor-version":[{"id":102930,"href":"https:\/\/portaltactica.com\/index.php?rest_route=\/wp\/v2\/posts\/102928\/revisions\/102930"}],"wp:featuredmedia":[{"embeddable":true,"href":"https:\/\/portaltactica.com\/index.php?rest_route=\/wp\/v2\/media\/102929"}],"wp:attachment":[{"href":"https:\/\/portaltactica.com\/index.php?rest_route=%2Fwp%2Fv2%2Fmedia&parent=102928"}],"wp:term":[{"taxonomy":"category","embeddable":true,"href":"https:\/\/portaltactica.com\/index.php?rest_route=%2Fwp%2Fv2%2Fcategories&post=102928"},{"taxonomy":"post_tag","embeddable":true,"href":"https:\/\/portaltactica.com\/index.php?rest_route=%2Fwp%2Fv2%2Ftags&post=102928"}],"curies":[{"name":"wp","href":"https:\/\/api.w.org\/{rel}","templated":true}]}}