{"id":102908,"date":"2026-03-13T14:05:59","date_gmt":"2026-03-13T21:05:59","guid":{"rendered":"https:\/\/portaltactica.com\/?p=102908"},"modified":"2026-03-13T14:06:01","modified_gmt":"2026-03-13T21:06:01","slug":"recuperado-del-codo-canelo-alvarez-apunta-a-su-regreso-a-los-cuadrilateros","status":"publish","type":"post","link":"https:\/\/portaltactica.com\/?p=102908","title":{"rendered":"Recuperado del codo, Canelo \u00c1lvarez apunta a su regreso a los cuadril\u00e1teros"},"content":{"rendered":"\n<p>Sa\u00fal &#8216;Canelo&#8217; \u00c1lvarez est\u00e1 pr\u00f3ximo a cumplir 17 a\u00f1os de carrera en el boxeo profesional en este a\u00f1o 2026. El boxeador mexicano ya prepara su regreso a los cuadril\u00e1teros para cumplir sus comprimisos box\u00edsticos de este a\u00f1o tras su \u00faltima pelea con el estadounidense Terence Crawford.<\/p>\n\n\n\n<p>La pelea ante Crawford fue dolorosa y complicada para el pugilista de Jalisco quien perdi\u00f3 en una sola noches sus cuatro t\u00edtulos de 168 libras. Despu\u00e9s de el doloroso descalabro, en octubre de 2025 se realiz\u00f3 una operaci\u00f3n en el codo para tratarse problemas en los ligamentos y pese a que su recuperaci\u00f3n ser\u00e1 de un apr\u00f3ximado de 6 meses, su regreso comienza a ser contemplado.<\/p>\n\n\n\n<h2 class=\"wp-block-heading\">\u00bfCu\u00e1ndo regresa Canelo a los encordados?<\/h2>\n\n\n\n<p>El objetivo por parte de Canelo \u00c1lvarez ser\u00e1 la revancha ante Crawford para buscar la recuperaci\u00f3n de esos cuatro t\u00edtulos. Por el momento su pelea del 12 de septiembre en Arabia Saudita est\u00e1 confirmada aunque por el momento no se conoce rival. As\u00ed lo destac\u00f3 en conferencia de prensa, el representante del pugilista Eddy Reynoso.<\/p>\n\n\n\n<blockquote class=\"wp-block-quote is-layout-flow wp-block-quote-is-layout-flow\">\n<p>Estamos esperando que se vaya acercando un poco m\u00e1s el tiempo para empezar a planear los entrenamientos. \u00c9l va a pelear en septiembre, no sabemos todav\u00eda con qui\u00e9n, pero est\u00e1 listo, vamos a seguir trabajando fuerte para seguir adelante.<\/p>\n<\/blockquote>\n\n\n\n<p>El represente de Sa\u00fal \u00c1lvarez menciona que la recuperaci\u00f3n del boxeador se ha dado seg\u00fan lo esperado y que ya est\u00e1 golpeando aparatos en el gimnasio, poco a poco, regresa a entrenar de manera regular.<\/p>\n\n\n\n<p>Eddy Reynoso no dio detalles al respecto pero menciono que la revancha contra Crawford se pueda dar pronto. Es algo que se busca, pero todav\u00eda no existe ninguna confirmaci\u00f3n al respecto.<\/p>\n\n\n\n<h2 class=\"wp-block-heading\">M\u00e9xico contra el mundo ser\u00e1 la pr\u00f3xima funci\u00f3n en Arabia Saudita<\/h2>\n\n\n\n<p>Reynoso adelant\u00f3 algunos detalles de la funci\u00f3n del 12 de septiembre en Arabia Saudita. La funci\u00f3n se llamar\u00e1 &#8216;M\u00e9xico contra el Mundo&#8217; y estar\u00e1 esteralizada por el mexicano que pelear\u00e1, de acuerdo al adelanto de Reynoso, contra cun campe\u00f3n del mundo de 168 libras.<\/p>\n\n\n\n<p>Actualmente, el pugilista mexicano tiene un contrato firmado con la promotora &#8216;Rihad Seasons&#8217; por cuatro peleas de las cuales al momento de han cumplido tres, aunque si todo marcha de manera correcta, el contrato con la promotora podr\u00eda extenderse a una quinta pelea.<\/p>\n<div class='share-to-whatsapp-wrapper'><div class='share-on-whsp'>Share on: <\/div><a data-text='Recuperado del codo, Canelo \u00c1lvarez apunta a su regreso a los cuadril\u00e1teros' data-link='https:\/\/portaltactica.com\/?p=102908' class='whatsapp-button whatsapp-share'>WhatsApp<\/a><div class='clear '><\/div><\/div>","protected":false},"excerpt":{"rendered":"<p>Sa\u00fal &#8216;Canelo&#8217; \u00c1lvarez est\u00e1 pr\u00f3ximo a cumplir 17 a\u00f1os de carrera en el boxeo profesional en este a\u00f1o 2026. El boxeador&hellip;<\/p>\n","protected":false},"author":2,"featured_media":102909,"comment_status":"closed","ping_status":"closed","sticky":false,"template":"","format":"standard","meta":{"advanced_seo_description":"","jetpack_seo_html_title":"","jetpack_seo_noindex":false,"_jetpack_memberships_contains_paid_content":false,"footnotes":"","jetpack_publicize_message":"","jetpack_publicize_feature_enabled":true,"jetpack_social_post_already_shared":true,"jetpack_social_options":{"image_generator_settings":{"template":"highway","default_image_id":0,"font":"","enabled":false},"version":2}},"categories":[1896],"tags":[],"class_list":["post-102908","post","type-post","status-publish","format-standard","has-post-thumbnail","hentry","category-destacado-portada"],"jetpack_publicize_connections":[],"jetpack_featured_media_url":"https:\/\/portaltactica.com\/wp-content\/uploads\/2026\/03\/3-6.png","jetpack_sharing_enabled":true,"_links":{"self":[{"href":"https:\/\/portaltactica.com\/index.php?rest_route=\/wp\/v2\/posts\/102908","targetHints":{"allow":["GET"]}}],"collection":[{"href":"https:\/\/portaltactica.com\/index.php?rest_route=\/wp\/v2\/posts"}],"about":[{"href":"https:\/\/portaltactica.com\/index.php?rest_route=\/wp\/v2\/types\/post"}],"author":[{"embeddable":true,"href":"https:\/\/portaltactica.com\/index.php?rest_route=\/wp\/v2\/users\/2"}],"replies":[{"embeddable":true,"href":"https:\/\/portaltactica.com\/index.php?rest_route=%2Fwp%2Fv2%2Fcomments&post=102908"}],"version-history":[{"count":1,"href":"https:\/\/portaltactica.com\/index.php?rest_route=\/wp\/v2\/posts\/102908\/revisions"}],"predecessor-version":[{"id":102910,"href":"https:\/\/portaltactica.com\/index.php?rest_route=\/wp\/v2\/posts\/102908\/revisions\/102910"}],"wp:featuredmedia":[{"embeddable":true,"href":"https:\/\/portaltactica.com\/index.php?rest_route=\/wp\/v2\/media\/102909"}],"wp:attachment":[{"href":"https:\/\/portaltactica.com\/index.php?rest_route=%2Fwp%2Fv2%2Fmedia&parent=102908"}],"wp:term":[{"taxonomy":"category","embeddable":true,"href":"https:\/\/portaltactica.com\/index.php?rest_route=%2Fwp%2Fv2%2Fcategories&post=102908"},{"taxonomy":"post_tag","embeddable":true,"href":"https:\/\/portaltactica.com\/index.php?rest_route=%2Fwp%2Fv2%2Ftags&post=102908"}],"curies":[{"name":"wp","href":"https:\/\/api.w.org\/{rel}","templated":true}]}}