{"id":102888,"date":"2026-03-12T15:08:33","date_gmt":"2026-03-12T22:08:33","guid":{"rendered":"https:\/\/portaltactica.com\/?p=102888"},"modified":"2026-03-12T15:08:55","modified_gmt":"2026-03-12T22:08:55","slug":"embajador-irani-en-mexico-propone-que-su-seleccion-dispute-el-mundial-2026-en-el-pais","status":"publish","type":"post","link":"https:\/\/portaltactica.com\/?p=102888","title":{"rendered":"Embajador iran\u00ed en M\u00e9xico propone que su selecci\u00f3n dispute el Mundial 2026 en el pa\u00eds"},"content":{"rendered":"\n<p>El embajador de Ir\u00e1n en M\u00e9xico,&nbsp;<strong>Abolfazl Pasandideh<\/strong>, aclar\u00f3 que&nbsp;<strong>su pa\u00eds no ha descartado participar en la Copa del Mundo 2026<\/strong>, palabras que se contraponen con lo dicho por&nbsp;Ahmad Doyanmali, ministro de deportes de ese pa\u00eds.<\/p>\n\n\n\n<h2 class=\"wp-block-heading\">\u00bfIr\u00e1n jugar\u00e1 el Mundial o no?<\/h2>\n\n\n\n<p>Doyanmali hab\u00eda mencionado que\u00a0&#8220;no hab\u00eda condiciones&#8221; para que Ir\u00e1n participara en la justa\u00a0tras la muerte de su l\u00edder Ali Jamenei a ra\u00edz de ataques lanzados por Estados Unidos e Israel, los cuales tambi\u00e9n han causado estragos en su poblaci\u00f3n.<\/p>\n\n\n\n<blockquote class=\"wp-block-quote is-layout-flow wp-block-quote-is-layout-flow\">\n<p>&#8220;Se nos han impuesto dos guerras en ocho o nueve meses y varios miles de nuestros ciudadanos han sido asesinados. Por lo tanto,&nbsp;<strong>no tenemos ninguna posibilidad de participar de esta manera<\/strong>&#8220;, mencion\u00f3 el federativo, quien dijo que de haber sido otro pa\u00eds el involucrado &#8220;le habr\u00edan retirado la sede&#8221;.<\/p>\n<\/blockquote>\n\n\n\n<h2 class=\"wp-block-heading\">\u00bfIr\u00e1n jugar\u00e1 en M\u00e9xico?<\/h2>\n\n\n\n<p>Enterado de las palabras, en entrevista con Ciro G\u00f3mez Leyva, el diplom\u00e1tico\u00a0<strong>Abolfazl Pasandideh<\/strong>\u00a0aclar\u00f3 que la participaci\u00f3n del representativo de su pa\u00eds\u00a0se mantiene en pie\u00a0y dijo que\u00a0<strong>&#8220;nuestra selecci\u00f3n todav\u00eda no ha dicho que no queremos participar en el Mundial\u201d<\/strong>.<\/p>\n\n\n\n<blockquote class=\"wp-block-quote is-layout-flow wp-block-quote-is-layout-flow\">\n<p>&#8220;Muchos delegados de la secretar\u00eda de deporte de nuestro pa\u00eds, debido a que los aeropuertos est\u00e1n cerrados,&nbsp;<strong>hab\u00edan dicho que no se pueden hacer vuelos y por ello mismo puede ser que no puedan viajar<\/strong>, pero existe el inter\u00e9s en participar en el evento.&nbsp;<\/p>\n<\/blockquote>\n\n\n\n<p>Hace unos d\u00edas hab\u00eda mencionado en conferencia de prensa que la FIFA deber\u00edacambiar las sedes de los partidos de Ir\u00e1n, debido a las m\u00faltiples complicaciones que han encontrado al momento de tramitar sus papeles para viajar a Estados Unidos, donde tendr\u00e1 sus tres partidos.<\/p>\n\n\n\n<blockquote class=\"wp-block-quote is-layout-flow wp-block-quote-is-layout-flow\">\n<p>\u201c<strong>Para nosotros lo mejor es que nuestros partidos sean en M\u00e9xico<\/strong>. A pesar de que nuestra naci\u00f3n no odia a la naci\u00f3n americana, sino al gobierno de Estados Unidos. Nosotros amamos mucho a la naci\u00f3n mexicana.<br>\u201c<strong>Estados Unidos no colabora con nosotros en el asunto de las visas&nbsp;<\/strong>y por eso tambi\u00e9n tenemos algunos obst\u00e1culos en nuestro camino. [&#8230;] La FIFA no ha condenado este acto todav\u00eda, pero de alguna forma puede involucrarse para que la selecci\u00f3n iran\u00ed pueda participar en el Mundial, pero en la sede de M\u00e9xico\u201d, argument\u00f3.<\/p>\n<\/blockquote>\n<div class='share-to-whatsapp-wrapper'><div class='share-on-whsp'>Share on: <\/div><a data-text='Embajador iran\u00ed en M\u00e9xico propone que su selecci\u00f3n dispute el Mundial 2026 en el pa\u00eds' data-link='https:\/\/portaltactica.com\/?p=102888' class='whatsapp-button whatsapp-share'>WhatsApp<\/a><div class='clear '><\/div><\/div>","protected":false},"excerpt":{"rendered":"<p>El embajador de Ir\u00e1n en M\u00e9xico,&nbsp;Abolfazl Pasandideh, aclar\u00f3 que&nbsp;su pa\u00eds no ha descartado participar en la Copa del Mundo 2026, palabras&hellip;<\/p>\n","protected":false},"author":2,"featured_media":102889,"comment_status":"closed","ping_status":"closed","sticky":false,"template":"","format":"standard","meta":{"advanced_seo_description":"","jetpack_seo_html_title":"","jetpack_seo_noindex":false,"_jetpack_memberships_contains_paid_content":false,"footnotes":"","jetpack_publicize_message":"","jetpack_publicize_feature_enabled":true,"jetpack_social_post_already_shared":true,"jetpack_social_options":{"image_generator_settings":{"template":"highway","default_image_id":0,"font":"","enabled":false},"version":2}},"categories":[1896],"tags":[],"class_list":["post-102888","post","type-post","status-publish","format-standard","has-post-thumbnail","hentry","category-destacado-portada"],"jetpack_publicize_connections":[],"jetpack_featured_media_url":"https:\/\/portaltactica.com\/wp-content\/uploads\/2026\/03\/6-6.png","jetpack_sharing_enabled":true,"_links":{"self":[{"href":"https:\/\/portaltactica.com\/index.php?rest_route=\/wp\/v2\/posts\/102888","targetHints":{"allow":["GET"]}}],"collection":[{"href":"https:\/\/portaltactica.com\/index.php?rest_route=\/wp\/v2\/posts"}],"about":[{"href":"https:\/\/portaltactica.com\/index.php?rest_route=\/wp\/v2\/types\/post"}],"author":[{"embeddable":true,"href":"https:\/\/portaltactica.com\/index.php?rest_route=\/wp\/v2\/users\/2"}],"replies":[{"embeddable":true,"href":"https:\/\/portaltactica.com\/index.php?rest_route=%2Fwp%2Fv2%2Fcomments&post=102888"}],"version-history":[{"count":1,"href":"https:\/\/portaltactica.com\/index.php?rest_route=\/wp\/v2\/posts\/102888\/revisions"}],"predecessor-version":[{"id":102890,"href":"https:\/\/portaltactica.com\/index.php?rest_route=\/wp\/v2\/posts\/102888\/revisions\/102890"}],"wp:featuredmedia":[{"embeddable":true,"href":"https:\/\/portaltactica.com\/index.php?rest_route=\/wp\/v2\/media\/102889"}],"wp:attachment":[{"href":"https:\/\/portaltactica.com\/index.php?rest_route=%2Fwp%2Fv2%2Fmedia&parent=102888"}],"wp:term":[{"taxonomy":"category","embeddable":true,"href":"https:\/\/portaltactica.com\/index.php?rest_route=%2Fwp%2Fv2%2Fcategories&post=102888"},{"taxonomy":"post_tag","embeddable":true,"href":"https:\/\/portaltactica.com\/index.php?rest_route=%2Fwp%2Fv2%2Ftags&post=102888"}],"curies":[{"name":"wp","href":"https:\/\/api.w.org\/{rel}","templated":true}]}}