{"id":102880,"date":"2026-03-12T13:34:42","date_gmt":"2026-03-12T20:34:42","guid":{"rendered":"https:\/\/portaltactica.com\/?p=102880"},"modified":"2026-03-12T13:34:45","modified_gmt":"2026-03-12T20:34:45","slug":"la-finalissima-entre-espana-y-argentina-se-perfila-para-disputarse-en-el-santiago-bernabeu","status":"publish","type":"post","link":"https:\/\/portaltactica.com\/?p=102880","title":{"rendered":"La Finalissima entre Espa\u00f1a y Argentina se perfila para disputarse en el Santiago Bernab\u00e9u"},"content":{"rendered":"\n<p>La<strong>\u00a0Finalissima<\/strong>, que enfrentar\u00e1 a\u00a0<strong>Espa\u00f1a<\/strong>\u00a0y<strong>\u00a0Argentina<\/strong>, podr\u00eda disputarse finalmente en el estadio\u00a0<strong>Santiago Bernab\u00e9u<\/strong>. El partido, que estaba previsto para el 27 de marzo en el estadio de\u00a0<strong>Lusail\u00a0<\/strong>en Doha,\u00a0<strong>Catar<\/strong>, est\u00e1 a un paso de cambiar de sede.<\/p>\n\n\n\n<p>De acuerdo con diversos reportes, las conversaciones entre la&nbsp;<strong>UEFA&nbsp;<\/strong>y el pa\u00eds \u00e1rabe est\u00e1n muy avanzadas, en un contexto marcado por las tensiones geopol\u00edticas en la regi\u00f3n.<\/p>\n\n\n\n<p>Aunque desde el&nbsp;<strong>Real Madrid&nbsp;<\/strong>no se ha confirmado oficialmente la elecci\u00f3n de su estadio, s\u00ed han admitido que estar\u00edan encantados de albergar el duelo entre los vigentes campeones de Europa y Am\u00e9rica.<\/p>\n\n\n\n<p>Sin embargo, la elecci\u00f3n de Madrid plantea un problema de neutralidad que no convence del todo a la&nbsp;<strong>Selecci\u00f3n Argentina<\/strong>, aunque el tiempo para tomar una decisi\u00f3n es limitado.<\/p>\n\n\n\n<p>La escalada de tensi\u00f3n e inseguridad en Oriente Pr\u00f3ximo, a ra\u00edz del conflicto entre Estados Unidos e Ir\u00e1n, oblig\u00f3 a Catar a suspender todas las competiciones de futbol en su territorio.<\/p>\n\n\n\n<p>Esta decisi\u00f3n dej\u00f3 en el aire el esperado partido entre las selecciones campeonas de sus respectivos continentes, ya que Catar ha sido uno de los pa\u00edses de la zona que ha sufrido ataques iran\u00edes.<\/p>\n\n\n\n<p>Desde el inicio del conflicto, la Conmebol, la UEFA y las federaciones espa\u00f1ola y argentina han mantenido un contacto constante con la organizaci\u00f3n catar\u00ed. Tras evaluar la situaci\u00f3n, comenzaron a buscar sedes alternativas. Este jueves se est\u00e1 llevando a cabo una reuni\u00f3n clave de la que podr\u00eda salir el acuerdo definitivo para el traslado del partido.<\/p>\n\n\n\n<p>El cambio de sede presenta una notable complejidad. La Finalissima era parte de un paquete de seis partidos internacionales, agrupados bajo el nombre de &#8220;Qatar Football Festival&#8221;, que se iban a celebrar en el pa\u00eds entre el 26 y el 31 de marzo.<\/p>\n<div class='share-to-whatsapp-wrapper'><div class='share-on-whsp'>Share on: <\/div><a data-text='La Finalissima entre Espa\u00f1a y Argentina se perfila para disputarse en el Santiago Bernab\u00e9u' data-link='https:\/\/portaltactica.com\/?p=102880' class='whatsapp-button whatsapp-share'>WhatsApp<\/a><div class='clear '><\/div><\/div>","protected":false},"excerpt":{"rendered":"<p>La\u00a0Finalissima, que enfrentar\u00e1 a\u00a0Espa\u00f1a\u00a0y\u00a0Argentina, podr\u00eda disputarse finalmente en el estadio\u00a0Santiago Bernab\u00e9u. El partido, que estaba previsto para el 27 de marzo&hellip;<\/p>\n","protected":false},"author":2,"featured_media":102881,"comment_status":"closed","ping_status":"closed","sticky":false,"template":"","format":"standard","meta":{"advanced_seo_description":"","jetpack_seo_html_title":"","jetpack_seo_noindex":false,"_jetpack_memberships_contains_paid_content":false,"footnotes":"","jetpack_publicize_message":"","jetpack_publicize_feature_enabled":true,"jetpack_social_post_already_shared":true,"jetpack_social_options":{"image_generator_settings":{"template":"highway","default_image_id":0,"font":"","enabled":false},"version":2}},"categories":[1896],"tags":[],"class_list":["post-102880","post","type-post","status-publish","format-standard","has-post-thumbnail","hentry","category-destacado-portada"],"jetpack_publicize_connections":[],"jetpack_featured_media_url":"https:\/\/portaltactica.com\/wp-content\/uploads\/2026\/03\/3-2.jpg","jetpack_sharing_enabled":true,"_links":{"self":[{"href":"https:\/\/portaltactica.com\/index.php?rest_route=\/wp\/v2\/posts\/102880","targetHints":{"allow":["GET"]}}],"collection":[{"href":"https:\/\/portaltactica.com\/index.php?rest_route=\/wp\/v2\/posts"}],"about":[{"href":"https:\/\/portaltactica.com\/index.php?rest_route=\/wp\/v2\/types\/post"}],"author":[{"embeddable":true,"href":"https:\/\/portaltactica.com\/index.php?rest_route=\/wp\/v2\/users\/2"}],"replies":[{"embeddable":true,"href":"https:\/\/portaltactica.com\/index.php?rest_route=%2Fwp%2Fv2%2Fcomments&post=102880"}],"version-history":[{"count":1,"href":"https:\/\/portaltactica.com\/index.php?rest_route=\/wp\/v2\/posts\/102880\/revisions"}],"predecessor-version":[{"id":102882,"href":"https:\/\/portaltactica.com\/index.php?rest_route=\/wp\/v2\/posts\/102880\/revisions\/102882"}],"wp:featuredmedia":[{"embeddable":true,"href":"https:\/\/portaltactica.com\/index.php?rest_route=\/wp\/v2\/media\/102881"}],"wp:attachment":[{"href":"https:\/\/portaltactica.com\/index.php?rest_route=%2Fwp%2Fv2%2Fmedia&parent=102880"}],"wp:term":[{"taxonomy":"category","embeddable":true,"href":"https:\/\/portaltactica.com\/index.php?rest_route=%2Fwp%2Fv2%2Fcategories&post=102880"},{"taxonomy":"post_tag","embeddable":true,"href":"https:\/\/portaltactica.com\/index.php?rest_route=%2Fwp%2Fv2%2Ftags&post=102880"}],"curies":[{"name":"wp","href":"https:\/\/api.w.org\/{rel}","templated":true}]}}