{"id":102868,"date":"2026-03-11T14:50:36","date_gmt":"2026-03-11T21:50:36","guid":{"rendered":"https:\/\/portaltactica.com\/?p=102868"},"modified":"2026-03-11T14:50:39","modified_gmt":"2026-03-11T21:50:39","slug":"confirmado-lesion-grave-de-malagon-lo-deja-fuera-del-mundial-informa-america","status":"publish","type":"post","link":"https:\/\/portaltactica.com\/?p=102868","title":{"rendered":"Confirmado: Lesi\u00f3n grave de Malag\u00f3n lo deja fuera del Mundial, informa Am\u00e9rica"},"content":{"rendered":"\n<p>La victoria de las \u00c1guilas del Am\u00e9rica ante el Philadelphia Union result\u00f3 muy cara para el conjunto azulcrema, este mi\u00e9rcoles el cuerpo m\u00e9dico del club inform\u00f3 de manera oficial la lesi\u00f3n que sufri\u00f3 el arquero americanista Luis \u00c1ngel Malag\u00f3n y que confirm\u00f3 las peores sospechas.<\/p>\n\n\n\n<p>Tras realizarse los estudios pertinentes en una cl\u00ednica al sur de la Ciudad de M\u00e9xico se determin\u00f3 que el cancerbero sufri\u00f3 una rotura de tend\u00f3n de Aquiles, misma que fue confirmada a trav\u00e9s de las redes sociales del club, en donde se dio a conocer el parte m\u00e9dico oficial.<\/p>\n\n\n\n<p>&#8220;En relaci\u00f3n con la salida del campo por lesi\u00f3n de Luis \u00c1ngel Malag\u00f3n, el Club Am\u00e9rica informa que nuestro arquero ser\u00e1 sometido en M\u00e9xico a los estudios necesarios para determinar su situaci\u00f3n m\u00e9dica.&nbsp;El resultado conducente ser\u00e1 debidamente informado en su oportunidad&#8221;, comparti\u00f3 Am\u00e9rica en un comunicado.<\/p>\n\n\n\n<p>Malag\u00f3n viajar\u00e1 en las pr\u00f3ximas horas a la ciudad de Guadalajara en donde ser\u00e1 intervenido quir\u00fargicamente este jueves a primera hora en la cl\u00ednica del doctor Rafael Ortega.<\/p>\n\n\n\n<p>En los siguientes d\u00edas el portero de Am\u00e9rica y Selecci\u00f3n Mexicana iniciar\u00e1 su rehabilitaci\u00f3n y se estima que estar\u00e1 fuera de las canchas al rededor de 8 meses, dependiendo de la evoluci\u00f3n que presente el jugador, por lo que se confirma lo estimado, Luis \u00c1ngel Malag\u00f3n se pierde la Copa del Mundo 2026.<\/p>\n\n\n\n<h2 class=\"wp-block-heading\">\u00bfC\u00f3mo fue la lesi\u00f3n de Malag\u00f3n?<\/h2>\n\n\n\n<p>El portero titular de los azulcremas no pudo continuar en el partido de Concachampions de ayer luego de una jugada en la que ten\u00eda el bal\u00f3n en los pies, pero no pudo terminar el movimiento porque sinti\u00f3 el problema, aunque fue \u00e9l solo y no estuvo involucrada una entrada.<\/p>\n\n\n\n<p>Malag\u00f3n fue sustituido por Rodolfo Cota y posteriormente se le practicaron estudios para conocer su estado de salud, que apunt\u00f3 a lo peor.<\/p>\n<div class='share-to-whatsapp-wrapper'><div class='share-on-whsp'>Share on: <\/div><a data-text='Confirmado: Lesi\u00f3n grave de Malag\u00f3n lo deja fuera del Mundial, informa Am\u00e9rica' data-link='https:\/\/portaltactica.com\/?p=102868' class='whatsapp-button whatsapp-share'>WhatsApp<\/a><div class='clear '><\/div><\/div>","protected":false},"excerpt":{"rendered":"<p>La victoria de las \u00c1guilas del Am\u00e9rica ante el Philadelphia Union result\u00f3 muy cara para el conjunto azulcrema, este mi\u00e9rcoles el&hellip;<\/p>\n","protected":false},"author":2,"featured_media":102869,"comment_status":"closed","ping_status":"closed","sticky":false,"template":"","format":"standard","meta":{"advanced_seo_description":"","jetpack_seo_html_title":"","jetpack_seo_noindex":false,"_jetpack_memberships_contains_paid_content":false,"footnotes":"","jetpack_publicize_message":"","jetpack_publicize_feature_enabled":true,"jetpack_social_post_already_shared":true,"jetpack_social_options":{"image_generator_settings":{"template":"highway","default_image_id":0,"font":"","enabled":false},"version":2}},"categories":[1897],"tags":[],"class_list":["post-102868","post","type-post","status-publish","format-standard","has-post-thumbnail","hentry","category-destacado-nacional"],"jetpack_publicize_connections":[],"jetpack_featured_media_url":"https:\/\/portaltactica.com\/wp-content\/uploads\/2026\/03\/6-5.png","jetpack_sharing_enabled":true,"_links":{"self":[{"href":"https:\/\/portaltactica.com\/index.php?rest_route=\/wp\/v2\/posts\/102868","targetHints":{"allow":["GET"]}}],"collection":[{"href":"https:\/\/portaltactica.com\/index.php?rest_route=\/wp\/v2\/posts"}],"about":[{"href":"https:\/\/portaltactica.com\/index.php?rest_route=\/wp\/v2\/types\/post"}],"author":[{"embeddable":true,"href":"https:\/\/portaltactica.com\/index.php?rest_route=\/wp\/v2\/users\/2"}],"replies":[{"embeddable":true,"href":"https:\/\/portaltactica.com\/index.php?rest_route=%2Fwp%2Fv2%2Fcomments&post=102868"}],"version-history":[{"count":1,"href":"https:\/\/portaltactica.com\/index.php?rest_route=\/wp\/v2\/posts\/102868\/revisions"}],"predecessor-version":[{"id":102870,"href":"https:\/\/portaltactica.com\/index.php?rest_route=\/wp\/v2\/posts\/102868\/revisions\/102870"}],"wp:featuredmedia":[{"embeddable":true,"href":"https:\/\/portaltactica.com\/index.php?rest_route=\/wp\/v2\/media\/102869"}],"wp:attachment":[{"href":"https:\/\/portaltactica.com\/index.php?rest_route=%2Fwp%2Fv2%2Fmedia&parent=102868"}],"wp:term":[{"taxonomy":"category","embeddable":true,"href":"https:\/\/portaltactica.com\/index.php?rest_route=%2Fwp%2Fv2%2Fcategories&post=102868"},{"taxonomy":"post_tag","embeddable":true,"href":"https:\/\/portaltactica.com\/index.php?rest_route=%2Fwp%2Fv2%2Ftags&post=102868"}],"curies":[{"name":"wp","href":"https:\/\/api.w.org\/{rel}","templated":true}]}}