{"id":102863,"date":"2026-03-11T14:48:17","date_gmt":"2026-03-11T21:48:17","guid":{"rendered":"https:\/\/portaltactica.com\/?p=102863"},"modified":"2026-03-11T14:48:20","modified_gmt":"2026-03-11T21:48:20","slug":"todo-en-orden-estadio-banorte-progresa-segun-lo-previsto-dice-inigo-riestra","status":"publish","type":"post","link":"https:\/\/portaltactica.com\/?p=102863","title":{"rendered":"Todo en orden: Estadio Banorte progresa seg\u00fan lo previsto, dice I\u00f1igo Riestra"},"content":{"rendered":"\n<p>A 17 d\u00edas de qu\u00e9 el\u00a0<strong>Estadio Banorte<\/strong>\u00a0sea reinaugurado con el partido amistoso entre la\u00a0Selecci\u00f3n Nacional de M\u00e9xico y Portugal, los trabajos de remodelaci\u00f3n contin\u00faan en el coloso de Santa \u00darsula, por lo que en la Federaci\u00f3n Mexicana de Futbol contemplan que estos terminen pronto para que\u00a0<strong>no haya ning\u00fan problema con el juego entre estas dos selecciones<\/strong>.<\/p>\n\n\n\n<p>El secretario general de la Federaci\u00f3n,&nbsp;<strong>I\u00f1igo Riestra<\/strong>, mostr\u00f3 su confianza para que todo est\u00e9 listo en el inmueble y se dispute el partido.<\/p>\n\n\n\n<blockquote class=\"wp-block-quote is-layout-flow wp-block-quote-is-layout-flow\">\n<p>\u201cHemos estado en comunicaci\u00f3n con ellos. Parece que&nbsp;<strong>todos los planes van en tiempo<\/strong>&nbsp;y seguramente el 28 de marzo estaremos festejando la reapertura del estadio contra Portugal en un gran partido para M\u00e9xico. En el tema de log\u00edstica precisamente de Portugal\u201d.<\/p>\n<\/blockquote>\n\n\n\n<h2 class=\"wp-block-heading\">Portugal, sin temor de viajar a M\u00e9xico<\/h2>\n\n\n\n<p>El dirigente tambi\u00e9n detall\u00f3, que hasta ahora&nbsp;<strong>no ha existido ninguna petici\u00f3n fuera de lo normal<\/strong>&nbsp;por parte del combinado portugu\u00e9s.<\/p>\n\n\n\n<blockquote class=\"wp-block-quote is-layout-flow wp-block-quote-is-layout-flow\">\n<p>\u201cNada, nada. La selecci\u00f3n de Portugal est\u00e1 feliz. Va a hacer un campamento antes de llegar a M\u00e9xico y tendremos un gran partido\u201d.<\/p>\n<\/blockquote>\n\n\n\n<p>Riestra tambi\u00e9n se dio tiempo de hablar sobre la manera en la que la Selecci\u00f3n de M\u00e9xico se est\u00e1 preparando\u00a0para hacer un buen Mundial, pues entienden que la responsabilidad es mayor al ser locales.<\/p>\n\n\n\n<blockquote class=\"wp-block-quote is-layout-flow wp-block-quote-is-layout-flow\">\n<p>\u201cLa Federaci\u00f3n, lo ha dicho muchas veces nuestro comisionado, est\u00e1 preparando el mejor equipo posible.&nbsp;<strong>Estamos muy contentos con Javier (Aguirre) y tenemos una gran ventaja que nuestra Selecci\u00f3n<\/strong>, gracias al apoyo de los clubes, se va a concentrar un poco antes que las otras. Entonces, enfocados y muy preparados y ya esperando que sea el silbatazo inicial, el 11 de junio\u201d.<\/p>\n<\/blockquote>\n\n\n\n<h2 class=\"wp-block-heading\">Ya hay comunicaci\u00f3n con Malag\u00f3n<\/h2>\n\n\n\n<p>Luego de qu\u00e9\u00a0Luis \u00c1ngel Malag\u00f3n se lesionaran\u00a0el partido de Champions, Cup de Concacaf, entre Philadelphia Union y Am\u00e9rica, la Federaci\u00f3n Mexicana de Futbol, al igual que el cuerpo Tecnico de Javier Aguirre, han estado en constante comunicaci\u00f3n con el arquero de las \u00c1guilas.<\/p>\n\n\n\n<blockquote class=\"wp-block-quote is-layout-flow wp-block-quote-is-layout-flow\">\n<p>\u201cEn primer lugar, todo el apoyo para Malag\u00f3n. Estamos obviamente consternados y obviamente el cuerpo t\u00e9cnico ya est\u00e1 en contacto con el jugador\u201d.<\/p>\n<\/blockquote>\n<div class='share-to-whatsapp-wrapper'><div class='share-on-whsp'>Share on: <\/div><a data-text='Todo en orden: Estadio Banorte progresa seg\u00fan lo previsto, dice I\u00f1igo Riestra' data-link='https:\/\/portaltactica.com\/?p=102863' class='whatsapp-button whatsapp-share'>WhatsApp<\/a><div class='clear '><\/div><\/div>","protected":false},"excerpt":{"rendered":"<p>A 17 d\u00edas de qu\u00e9 el\u00a0Estadio Banorte\u00a0sea reinaugurado con el partido amistoso entre la\u00a0Selecci\u00f3n Nacional de M\u00e9xico y Portugal, los trabajos&hellip;<\/p>\n","protected":false},"author":2,"featured_media":102866,"comment_status":"closed","ping_status":"closed","sticky":false,"template":"","format":"standard","meta":{"advanced_seo_description":"","jetpack_seo_html_title":"","jetpack_seo_noindex":false,"_jetpack_memberships_contains_paid_content":false,"footnotes":"","jetpack_publicize_message":"","jetpack_publicize_feature_enabled":true,"jetpack_social_post_already_shared":true,"jetpack_social_options":{"image_generator_settings":{"template":"highway","default_image_id":0,"font":"","enabled":false},"version":2}},"categories":[1897],"tags":[],"class_list":["post-102863","post","type-post","status-publish","format-standard","has-post-thumbnail","hentry","category-destacado-nacional"],"jetpack_publicize_connections":[],"jetpack_featured_media_url":"https:\/\/portaltactica.com\/wp-content\/uploads\/2026\/03\/5.jpeg","jetpack_sharing_enabled":true,"_links":{"self":[{"href":"https:\/\/portaltactica.com\/index.php?rest_route=\/wp\/v2\/posts\/102863","targetHints":{"allow":["GET"]}}],"collection":[{"href":"https:\/\/portaltactica.com\/index.php?rest_route=\/wp\/v2\/posts"}],"about":[{"href":"https:\/\/portaltactica.com\/index.php?rest_route=\/wp\/v2\/types\/post"}],"author":[{"embeddable":true,"href":"https:\/\/portaltactica.com\/index.php?rest_route=\/wp\/v2\/users\/2"}],"replies":[{"embeddable":true,"href":"https:\/\/portaltactica.com\/index.php?rest_route=%2Fwp%2Fv2%2Fcomments&post=102863"}],"version-history":[{"count":1,"href":"https:\/\/portaltactica.com\/index.php?rest_route=\/wp\/v2\/posts\/102863\/revisions"}],"predecessor-version":[{"id":102867,"href":"https:\/\/portaltactica.com\/index.php?rest_route=\/wp\/v2\/posts\/102863\/revisions\/102867"}],"wp:featuredmedia":[{"embeddable":true,"href":"https:\/\/portaltactica.com\/index.php?rest_route=\/wp\/v2\/media\/102866"}],"wp:attachment":[{"href":"https:\/\/portaltactica.com\/index.php?rest_route=%2Fwp%2Fv2%2Fmedia&parent=102863"}],"wp:term":[{"taxonomy":"category","embeddable":true,"href":"https:\/\/portaltactica.com\/index.php?rest_route=%2Fwp%2Fv2%2Fcategories&post=102863"},{"taxonomy":"post_tag","embeddable":true,"href":"https:\/\/portaltactica.com\/index.php?rest_route=%2Fwp%2Fv2%2Ftags&post=102863"}],"curies":[{"name":"wp","href":"https:\/\/api.w.org\/{rel}","templated":true}]}}