{"id":102841,"date":"2026-03-10T15:06:26","date_gmt":"2026-03-10T22:06:26","guid":{"rendered":"https:\/\/portaltactica.com\/?p=102841"},"modified":"2026-03-10T15:06:39","modified_gmt":"2026-03-10T22:06:39","slug":"isaac-del-toro-se-coloca-al-frente-de-la-general-tras-lograr-el-segundo-lugar-en-la-tirreno-adriatico","status":"publish","type":"post","link":"https:\/\/portaltactica.com\/?p=102841","title":{"rendered":"Isaac del Toro se coloca al frente de la general tras lograr el segundo lugar en la Tirreno Adri\u00e1tico"},"content":{"rendered":"\n<p>El neerland\u00e9s Mathieu Van der Poel (Alpecin Deceuninck) dobleg\u00f3 este martes por la m\u00ednima al mexicano Isaac Del Toro y al italiano Giulio Pellizzari (BORA) en el esprint final de la segunda etapa de la Tirreno Adri\u00e1tico que deja al mexicano como nuevo l\u00edder de la general.<\/p>\n\n\n\n<p>El final en alto de San Gimignano brind\u00f3 un desenlace emocionante de esta segunda cita entre mares. Se quedaron tres contendientes tras casi cinco horas de lucha (4h 53m 23s) por la Toscana y el ataque final de Pellizzari, a 400 metros de la meta, provoc\u00f3 la volata que se llev\u00f3 la experiencia de Van der Poel en lo que es su vuelta a lo m\u00e1s alto en la Tirreno Adri\u00e1tico tras cinco a\u00f1os.<\/p>\n\n\n\n<p>La &#8216;Maglia Azzurra&#8217; de este mi\u00e9rcoles, sin embargo, estar\u00e1 en poder del mexicano de 22 a\u00f1os, que se la arrebat\u00f3 al local Filippo Ganna. Es l\u00edder de la general con 3 segundos respecto al propio Pellizzari, que a punto estuvo de dar la doble campanada.<\/p>\n\n\n\n<p>Esta segunda etapa de la Tirreno Adri\u00e1tico, tras una crono inicial en la que domin\u00f3 el italiano Filippo Ganna (Ineos), ya sin el liderato, brind\u00f3 un recorrido de 206 kil\u00f3metros entre Camaiore y San Gimignano con pendientes de m\u00e1s del 10 por ciento y el Val de Cicena como punto m\u00e1s exigente.<\/p>\n\n\n\n<p>All\u00ed, tras una subida de 9.7 kil\u00f3metros con un 3.3 por ciento de pendiente, emergi\u00f3 el espa\u00f1ol Diego Pablo Sevilla (Polti VisitMalta) para coronar en primera posici\u00f3n y llevarse cinco puntos de bonificaci\u00f3n para la &#8216;Maglia&#8217; verde. Lo hizo tras un esprint completamente espa\u00f1ol, perseguido por Joan Bou (Caja Rural-Seguros RGA).<\/p>\n\n\n\n<p>Junto a ellos dos, gallego y valenciano, ambos criados en la Fundaci\u00f3n Contador, los italianos Manuele Tarozzi (Bardiani CSF 7 Saber) y Alessandro Iacchi (Soulution Tech Nippo Rali) armaron la gran fuga del d\u00eda. Hasta 4 minutos de ventaja llegaron a gozar en el inicio, poco a poco estrech\u00e1ndose el cerco hasta la muerte definitiva de las ilusiones de los cuatro.<\/p>\n\n\n\n<p>Superado el Val di Cecina con los cuatro escapados, a falta de 58 kil\u00f3metros a la meta, con el ascenso a las afueras de San Gimignano con el 15 por ciento de pendiente en el horizonte para coronar la etapa, empez\u00f3 el pelot\u00f3n a agruparse para encarar el cl\u00e1sico &#8216;sterrato&#8217; final de esta zona toscana, parecido al de la Strade Bianche que conquist\u00f3 el esloveno Tadej Pogacar el pasado s\u00e1bado, que lleg\u00f3 a falta de poco m\u00e1s de 6 kil\u00f3metros.<\/p>\n\n\n\n<p>Fue cayendo entre tanto el r\u00e9dito de los escapados poco a poco, a merced de un grupo que en cuanto toc\u00f3 la provincia de Siena, lugar en la que se suele decidir esta etapa, aceler\u00f3 para apagar cualquier tipo de sorpresa. Dicho y hecho. A falta de poco menos de 39 kil\u00f3metros, la fuga qued\u00f3 neutralizada.<\/p>\n\n\n\n<p>Entr\u00f3 en escena en los \u00faltimos kil\u00f3metros la lluvia. Algo de incertidumbre con poco menos de 15 a la meta, todav\u00eda con la subida final de San Gimignano y con Ganna empujando por la que hubiera sido su segunda victoria. El exigente final acab\u00f3 por dejarle sin liderato<\/p>\n\n\n\n<p>Aparecieron entonces los caminos de tierra blanca, el &#8216;sterrato&#8217;. Unos 6 kil\u00f3metros al final y el estadounidense Matteo Jorgenson (Visma), el mexicano Isaac Del Toro (UAE) y el neerland\u00e9s Mathieu Van der Poel (Alpecin Deceuninck) se erigieron como los protagonistas iniciales. El terreno, sin embargo, jug\u00f3 una mala pasada a al estadounidense, al que le fall\u00f3 la rueda delantera y cay\u00f3.<\/p>\n\n\n\n<p>En la incertidumbre, Van der Poel y Del Toro, junto al italiano Giulio Pellizzari (BORA), se alejaron para disputar el gran final de etapa en solitario, ya fuera del &#8216;sterrato&#8217; con poco m\u00e1s de un kil\u00f3metro por delante que depar\u00f3 un desenlace ajustad\u00edsimo.<\/p>\n\n\n\n<p>Pellizzari, sin nada que perder, mir\u00f3 atr\u00e1s y se sinti\u00f3 fuerte, con el apoyo de los italianos en el pueblo, a pocos metros del gran final. Se envalenton\u00f3 y lanz\u00f3 el envite. Van der Poel y Del Toro, en un inicio algo sorprendidos, consiguieron reponerse para contraatacar, super\u00e1ndole en el \u00faltimo suspiro para finalizar la segunda gran jornada de esta cita. Victoria para Van der Poel, liderato para Del Toro y jornada consagratoria para Pellizzari.<\/p>\n\n\n\n<p>La tercera etapa, de 221 kil\u00f3metros entre Cortona y Magliano de&#8217;Marsi, cuenta con una sucesi\u00f3n de suaves subidas y bajadas, incluyendo Todi y Le Marmore. El tramo final se prev\u00e9 veloz, con una ligera subida durante los \u00faltimos 15 km hasta la recta final (aproximadamente un 3%).<\/p>\n<div class='share-to-whatsapp-wrapper'><div class='share-on-whsp'>Share on: <\/div><a data-text='Isaac del Toro se coloca al frente de la general tras lograr el segundo lugar en la Tirreno Adri\u00e1tico' data-link='https:\/\/portaltactica.com\/?p=102841' class='whatsapp-button whatsapp-share'>WhatsApp<\/a><div class='clear '><\/div><\/div>","protected":false},"excerpt":{"rendered":"<p>El neerland\u00e9s Mathieu Van der Poel (Alpecin Deceuninck) dobleg\u00f3 este martes por la m\u00ednima al mexicano Isaac Del Toro y al&hellip;<\/p>\n","protected":false},"author":2,"featured_media":102842,"comment_status":"closed","ping_status":"closed","sticky":false,"template":"","format":"standard","meta":{"advanced_seo_description":"","jetpack_seo_html_title":"","jetpack_seo_noindex":false,"_jetpack_memberships_contains_paid_content":false,"footnotes":"","jetpack_publicize_message":"","jetpack_publicize_feature_enabled":true,"jetpack_social_post_already_shared":true,"jetpack_social_options":{"image_generator_settings":{"template":"highway","default_image_id":0,"font":"","enabled":false},"version":2}},"categories":[1896],"tags":[],"class_list":["post-102841","post","type-post","status-publish","format-standard","has-post-thumbnail","hentry","category-destacado-portada"],"jetpack_publicize_connections":[],"jetpack_featured_media_url":"https:\/\/portaltactica.com\/wp-content\/uploads\/2026\/03\/4-5.png","jetpack_sharing_enabled":true,"_links":{"self":[{"href":"https:\/\/portaltactica.com\/index.php?rest_route=\/wp\/v2\/posts\/102841","targetHints":{"allow":["GET"]}}],"collection":[{"href":"https:\/\/portaltactica.com\/index.php?rest_route=\/wp\/v2\/posts"}],"about":[{"href":"https:\/\/portaltactica.com\/index.php?rest_route=\/wp\/v2\/types\/post"}],"author":[{"embeddable":true,"href":"https:\/\/portaltactica.com\/index.php?rest_route=\/wp\/v2\/users\/2"}],"replies":[{"embeddable":true,"href":"https:\/\/portaltactica.com\/index.php?rest_route=%2Fwp%2Fv2%2Fcomments&post=102841"}],"version-history":[{"count":1,"href":"https:\/\/portaltactica.com\/index.php?rest_route=\/wp\/v2\/posts\/102841\/revisions"}],"predecessor-version":[{"id":102843,"href":"https:\/\/portaltactica.com\/index.php?rest_route=\/wp\/v2\/posts\/102841\/revisions\/102843"}],"wp:featuredmedia":[{"embeddable":true,"href":"https:\/\/portaltactica.com\/index.php?rest_route=\/wp\/v2\/media\/102842"}],"wp:attachment":[{"href":"https:\/\/portaltactica.com\/index.php?rest_route=%2Fwp%2Fv2%2Fmedia&parent=102841"}],"wp:term":[{"taxonomy":"category","embeddable":true,"href":"https:\/\/portaltactica.com\/index.php?rest_route=%2Fwp%2Fv2%2Fcategories&post=102841"},{"taxonomy":"post_tag","embeddable":true,"href":"https:\/\/portaltactica.com\/index.php?rest_route=%2Fwp%2Fv2%2Ftags&post=102841"}],"curies":[{"name":"wp","href":"https:\/\/api.w.org\/{rel}","templated":true}]}}